{"id":8922,"date":"2018-09-13T17:10:26","date_gmt":"2018-09-13T17:10:26","guid":{"rendered":"http:\/\/www.criteo.com\/br\/?p=8922"},"modified":"2025-12-01T16:33:30","modified_gmt":"2025-12-01T16:33:30","slug":"criteo-flow-uma-conversa-com-jen-whelan-vice-presidente-de-marketing-da-criteo","status":"publish","type":"post","link":"https:\/\/www.criteo.com\/br\/blog\/criteo-flow-uma-conversa-com-jen-whelan-vice-presidente-de-marketing-da-criteo\/","title":{"rendered":"Criteo FLOW: uma conversa com Jen Whelan, Vice-Presidente de Marketing da Criteo"},"content":{"rendered":"<p>&nbsp;<\/p>\n<p>As mulheres representam quase metade da for\u00e7a de trabalho, mas apenas 25% ocupam cargos executivos, de ger\u00eancia ou de n\u00edvel s\u00eanior em empresas do \u00edndice S&amp;P 500. Est\u00e1 claro que ainda h\u00e1 muito o que fazer para nivelar o campo de atua\u00e7\u00e3o de homens e mulheres no mundo corporativo.<\/p>\n<p>\u00c9 exatamente isso que pretende fazer o Criteo FLOW (Future Leaders of the World). Uma iniciativa de duas executivas da Criteo, Emily Sinsheimer e Dhoreena Ventura, o FLOW tem como objetivo desenvolver, apoiar e inspirar lideran\u00e7as na Criteo. Em 20 de agosto, o FLOW lan\u00e7ou o Hot Seat, uma s\u00e9rie de entrevistas com nossos brilhantes profissionais para compartilharem as suas experi\u00eancias e aprendizados.<\/p>\n<p>Quem escolhemos para come\u00e7ar? Nossa Vice-Presidente S\u00eanior de Marketing Jen Whelan, que foi entrevistada por Denise Data, Creative Services Art Director, dos EUA. Confira alguns destaques desse encontro.<\/p>\n<p>&nbsp;<\/p>\n<h3><strong>De gar\u00e7onete a Vice-Presidente S\u00eanior (SVP)<\/strong><\/h3>\n<p>Nascida no Alasca, Jen ingressou na Criteo com mais de vinte anos de experi\u00eancia em algumas das mais renomadas empresas de tecnologia do mundo (Intel, Microsoft, T-Mobile e Qualcomm, s\u00f3 para citar algumas). Por\u00e9m, foi quando trabalhou como gar\u00e7onete, muito antes de ingressar no mundo corporativo, que ela aprendeu as li\u00e7\u00f5es mais importantes da sua vida profissional.<\/p>\n<p>\u201cEu aprendi mais servindo mesas do que em qualquer outro lugar. Entendi o poder das compet\u00eancias transversais\u201d, conta Jen.<\/p>\n<p>No restaurante, enquanto ganhava US$ 2,10 por hora, al\u00e9m das gorjetas, Jen \u201caprendeu a ver seus colegas de trabalho como uma comunidade, em que todos, n\u00e3o importa suas posi\u00e7\u00f5es, ajudavam uns aos outros.\u201d<\/p>\n<p>Essa li\u00e7\u00e3o ficou para sempre. Mais tarde, ao ingressar na Intel, j\u00e1 levava na bagagem valiosas experi\u00eancias de vida e de trabalho:<\/p>\n<p>\u201cNo marketing, quanto mais ajudamos a alavancar as vendas, melhores s\u00e3o os resultados para a empresa como um todo. Como gar\u00e7onete, aprendi que, quanto mais r\u00e1pido eu limpava as mesas, mais clientes eram atendidos, mais dinheiro o restaurante ganhava e mais gorjeta eu recebia.\u201d<\/p>\n<p>&nbsp;<\/p>\n<h3><strong>Sobre o pior conselho que j\u00e1 recebeu e sobre a necessidade da empatia<\/strong><\/h3>\n<p><img loading=\"lazy\" decoding=\"async\" class=\"aligncenter size-full wp-image-8923\" src=\"http:\/\/www.criteo.com\/br\/wp-content\/uploads\/sites\/5\/2018\/09\/Jen-Hot-seat1.jpg\" alt=\"Jen Whelan Criteo SVP Marketing\" width=\"2016\" height=\"1512\" srcset=\"https:\/\/www.criteo.com\/br\/wp-content\/uploads\/sites\/5\/2018\/09\/Jen-Hot-seat1.jpg 2016w, https:\/\/www.criteo.com\/br\/wp-content\/uploads\/sites\/5\/2018\/09\/Jen-Hot-seat1-300x225.jpg 300w, https:\/\/www.criteo.com\/br\/wp-content\/uploads\/sites\/5\/2018\/09\/Jen-Hot-seat1-768x576.jpg 768w, https:\/\/www.criteo.com\/br\/wp-content\/uploads\/sites\/5\/2018\/09\/Jen-Hot-seat1-1024x768.jpg 1024w\" sizes=\"auto, (max-width: 2016px) 100vw, 2016px\" \/><\/p>\n<p>\u201cVoc\u00ea \u00e9 muito boazinha\u201d, me disse um antigo chefe. \u201cVoc\u00ea precisa fazer com que as pessoas tenham medo de perder o emprego. S\u00f3 assim far\u00e3o o que voc\u00ea quer e precisa.\u201d<\/p>\n<p>\u201cEsse n\u00e3o \u00e9 o meu estilo\u201d, disse Jen. \u201cEu n\u00e3o tenho essa capacidade; nem desejo t\u00ea-la.\u201d<\/p>\n<p>O que Jen tem de sobra \u00e9 empatia. H\u00e1 seis meses na Criteo, j\u00e1 lidera a maior equipe de toda a sua vida. Com a miss\u00e3o de consolidar as equipes de vendas, produto e marketing, Jen considera essencial prestar aten\u00e7\u00e3o ao que as pessoas t\u00eam a dizer.<\/p>\n<p>\u201c\u00c0s vezes, quanto menos voc\u00ea fala, melhor. Dar a algu\u00e9m a chance de parar e pensar sobre algo e depois responder \u00e9 extremamente valioso. Considerando as diferentes perspectivas, eu posso reconhecer minhas pr\u00f3prias defici\u00eancias e corrigir o curso.\u201d<\/p>\n<p>Para Jen, a compaix\u00e3o \u00e9 uma compet\u00eancia que todos devem ter para prosperar na vida pessoal e profissional. Quando perguntada como faz para realizar bem seu trabalho e ao mesmo tempo comunicar-se com uma nova equipe, Jen enfatiza:<\/p>\n<p>\u201cColoque-se no lugar da outra pessoa e tente entender o ponto de vista dela\u201d, ressalta. \u201cPergunte-se a si mesmo qual o contexto da situa\u00e7\u00e3o e como algu\u00e9m vai receber o seu feedback.\u201d<\/p>\n<p>Quando a entrevistadora Denise Data respondeu que j\u00e1 foi aconselhada v\u00e1rias vezes a ser <em>menos<\/em> direta, Jen sorriu e disse que \u201c\u00e0s vezes, \u00e9 melhor ser direta. Mas, primeiro, \u00e9 preciso desenvolver uma rela\u00e7\u00e3o de confian\u00e7a e deixar que as pessoas saibam que voc\u00ea realmente se importa com elas\u201d.<\/p>\n<p>&nbsp;<\/p>\n<h3><strong>Sobre competi\u00e7\u00e3o e talentos complementares<\/strong><\/h3>\n<p>Quando se trata de criar grandes equipes, Jen sugere que os l\u00edderes observem quais s\u00e3o as compet\u00eancias que lhes faltam e \u201cpreencham suas pr\u00f3prias lacunas\u201d.<\/p>\n<p>Como mulher e profissional de marketing, Jen destaca que, embora ainda falte muito em termos de igualdade no mundo corporativo, reconhece que o campo de atua\u00e7\u00e3o est\u00e1 mais nivelado do que no in\u00edcio da sua carreira. Hoje, ela pode se dedicar a encontrar os melhores talentos para cada cargo. Mas, como fazer isso?<\/p>\n<p>Jen conta que sempre procura pessoas que a inspirem. Por exemplo, se a pessoa tiver filhos, \u00e9 importante tamb\u00e9m que seja um pai\/m\u00e3e dedicado. A capacidade de organiza\u00e7\u00e3o e apresenta\u00e7\u00e3o de ideias tamb\u00e9m \u00e9 essencial. Assim como <em>expertise<\/em> em alguma \u00e1rea. E o fator empatia tamb\u00e9m merece destaque. Essas s\u00e3o caracter\u00edsticas que Jen valoriza tanto na vida pessoal quanto profissional.<\/p>\n<p>Para nossa SVP, \u00e9 importante buscar algu\u00e9m diferente de voc\u00ea. Para isso, \u00e9 preciso conhecer-se bem o suficiente para ter consci\u00eancia sobre as suas pr\u00f3prias lacunas e preench\u00ea-las com pessoas geniais \u00e0 sua volta. \u00c9 preciso ver que essas pessoas tornam voc\u00ea melhor, e voc\u00ea tamb\u00e9m as torna melhores. Juntos, todos se completam e trabalham melhor. \u00c9 assim que se atenua a competi\u00e7\u00e3o com colegas de departamento e da empresa.<\/p>\n<p>&nbsp;<\/p>\n<h3><strong>Sobre a import\u00e2ncia de saber negociar<\/strong><\/h3>\n<p>\u201cNo come\u00e7o da carreira, eu era <em>p\u00e9ssima <\/em>em negociar\u201d, lembra Jen. \u201cEu melhorei ao longo do tempo, mas, at\u00e9 na Microsoft, quando j\u00e1 n\u00e3o era t\u00e3o novata, eu n\u00e3o abria m\u00e3o de nada.\u201d<\/p>\n<p>Isso contribuiu para acelerar sua sa\u00edda da empresa. Na \u00e9poca, seu chefe deu a ela um conselho memor\u00e1vel:<\/p>\n<p>\u201cEu vou te dizer o que voc\u00ea fez de errado na Microsoft, para que n\u00e3o repita nunca mais: voc\u00ea aceitou o trabalho.\u201d<\/p>\n<p>Confusa, Jen respondeu que estava feliz com a oferta.<\/p>\n<p>\u201cIsso n\u00e3o importa. Quando voc\u00ea aceita uma oferta imediatamente, isso faz com que as empresas pensem que pagaram a voc\u00ea muito mais do que merecia.\u201d<\/p>\n<p>Aqui, a quest\u00e3o n\u00e3o \u00e9 o sal\u00e1rio em si. Mas saber negociar.<\/p>\n<p>Pessoas que n\u00e3o sabem negociar normalmente t\u00eam medo de serem rejeitadas caso pe\u00e7am mais. Nesse ponto, Jen ressaltou a quest\u00e3o da autoconfian\u00e7a.<\/p>\n<p>\u201cQuando uma empresa oferece a voc\u00ea um cargo, ela decidiu que voc\u00ea \u00e9 a pessoa certa para ele, e o maior erro que voc\u00ea pode cometer \u00e9 subestimar-se.\u201d<\/p>\n<p>&nbsp;<\/p>\n<h3><strong>Sobre fazer as perguntas certas<\/strong><\/h3>\n<p><img loading=\"lazy\" decoding=\"async\" class=\"aligncenter size-full wp-image-8925\" src=\"http:\/\/www.criteo.com\/br\/wp-content\/uploads\/sites\/5\/2018\/09\/Jen-Hot-Seat2.jpg\" alt=\"Jen Whelan SVP Marketing \" width=\"2016\" height=\"1512\" srcset=\"https:\/\/www.criteo.com\/br\/wp-content\/uploads\/sites\/5\/2018\/09\/Jen-Hot-Seat2.jpg 2016w, https:\/\/www.criteo.com\/br\/wp-content\/uploads\/sites\/5\/2018\/09\/Jen-Hot-Seat2-300x225.jpg 300w, https:\/\/www.criteo.com\/br\/wp-content\/uploads\/sites\/5\/2018\/09\/Jen-Hot-Seat2-768x576.jpg 768w, https:\/\/www.criteo.com\/br\/wp-content\/uploads\/sites\/5\/2018\/09\/Jen-Hot-Seat2-1024x768.jpg 1024w\" sizes=\"auto, (max-width: 2016px) 100vw, 2016px\" \/><\/p>\n<p>\u201cAs pessoas mais respeitadas, e aquelas que considero as mais inteligentes, n\u00e3o t\u00eam a resposta pronta. Pelo contr\u00e1rio, elas fazem perguntas que fazem toda a diferen\u00e7a\u201d, ressaltou Jen.<\/p>\n<p>\u201cParece contradit\u00f3rio, mas, quando as pessoas fazem perguntas que nos fazem pensar, significa que elas avaliaram diferentes cen\u00e1rios e obst\u00e1culos. E isso \u00e9 valioso. Se voc\u00ea for o primeiro a dar uma resposta, cuidado, pois talvez n\u00e3o tenha pensado em todas as diferentes possibilidades e consequ\u00eancias para o grupo.\u201d<\/p>\n<p>&nbsp;<\/p>\n<h3><strong>FLOW: construindo uma rede de apoio<\/strong><\/h3>\n<p>O Criteo FLOW pretende que seus membros inspirem e apoiem uns aos outros a alcan\u00e7arem suas metas dentro de um ambiente seguro e saud\u00e1vel. E tamb\u00e9m empoderem os profissionais da Criteo fornecendo:<\/p>\n<ul>\n<li>Um espa\u00e7o confort\u00e1vel para que os funcion\u00e1rios reflitam com toda a confian\u00e7a.<\/li>\n<li>Sess\u00f5es regulares e grupos de discuss\u00e3o para tirar os funcion\u00e1rios de suas zonas de conforto e propor-lhes desafios.<\/li>\n<li>Um s\u00f3lido canal para preparar l\u00edderes.<\/li>\n<li>Acesso a feedbacks e a oportunidades de treinamento.<\/li>\n<\/ul>\n<p>Mantenha-se atualizado sobre as sess\u00f5es do FLOW e saiba mais sobre a cultura da Criteo <a href=\"https:\/\/www.criteo.com\/br\/blog\/category\/criteo-updates\/\">aqui<\/a>.<\/p>\n","protected":false},"excerpt":{"rendered":"<p>&nbsp; As mulheres representam quase metade da for\u00e7a de trabalho, mas apenas 25% ocupam cargos executivos, de ger\u00eancia ou de n\u00edvel s\u00eanior em empresas do \u00edndice S&amp;P 500. Est\u00e1 claro que ainda h\u00e1 muito o que fazer para nivelar o campo de atua\u00e7\u00e3o de homens e mulheres no mundo corporativo. \u00c9 exatamente isso que pretende [&hellip;]<\/p>\n","protected":false},"author":9,"featured_media":8927,"comment_status":"closed","ping_status":"closed","sticky":false,"template":"","format":"standard","meta":{"_acf_changed":false,"footnotes":""},"categories":[42],"coauthors":[622],"class_list":{"0":"post-8922","1":"post","2":"type-post","3":"status-publish","4":"format-standard","5":"has-post-thumbnail","7":"category-criteo-updates"},"acf":{"stae_popup_enable":false,"hide_featured_image":false,"has_download":false,"has_embed":false,"add_faq":false,"hide_post_from_listing":false,"remove_from_internal_search":false,"podcast_audio_length":"","use_custom_cta":false},"yoast_head":"<!-- This site is optimized with the Yoast SEO plugin v26.4 - https:\/\/yoast.com\/wordpress\/plugins\/seo\/ -->\n<title>Criteo FLOW: uma conversa com Jen Whelan, Vice-Presidente de Marketing da Criteo | BR - Criteo.com<\/title>\n<meta name=\"description\" content=\"Criteo FLOW tem como objetivo desenvolver, apoiar e inspirar lideran\u00e7as na Criteo. Em 20 de agosto, o FLOW lan\u00e7ou o Hot Seat, uma s\u00e9rie de entrevistas com nossos brilhantes profissionais para compartilharem as suas experi\u00eancias e aprendizados.Quem escolhemos para come\u00e7ar? Nossa Vice-Presidente S\u00eanior de Marketing Jen Whelan.\" \/>\n<meta name=\"robots\" content=\"index, follow, max-snippet:-1, max-image-preview:large, max-video-preview:-1\" \/>\n<link rel=\"canonical\" href=\"https:\/\/www.criteo.com\/br\/blog\/criteo-flow-uma-conversa-com-jen-whelan-vice-presidente-de-marketing-da-criteo\/\" \/>\n<meta property=\"og:locale\" content=\"pt_PT\" \/>\n<meta property=\"og:type\" content=\"article\" \/>\n<meta property=\"og:title\" content=\"Criteo FLOW: uma conversa com Jen Whelan, Vice-Presidente de Marketing da Criteo | BR - Criteo.com\" \/>\n<meta property=\"og:description\" content=\"Criteo FLOW tem como objetivo desenvolver, apoiar e inspirar lideran\u00e7as na Criteo. Em 20 de agosto, o FLOW lan\u00e7ou o Hot Seat, uma s\u00e9rie de entrevistas com nossos brilhantes profissionais para compartilharem as suas experi\u00eancias e aprendizados.Quem escolhemos para come\u00e7ar? Nossa Vice-Presidente S\u00eanior de Marketing Jen Whelan.\" \/>\n<meta property=\"og:url\" content=\"https:\/\/www.criteo.com\/br\/blog\/criteo-flow-uma-conversa-com-jen-whelan-vice-presidente-de-marketing-da-criteo\/\" \/>\n<meta property=\"og:site_name\" content=\"BR - Criteo.com\" \/>\n<meta property=\"article:published_time\" content=\"2018-09-13T17:10:26+00:00\" \/>\n<meta property=\"article:modified_time\" content=\"2025-12-01T16:33:30+00:00\" \/>\n<meta property=\"og:image\" content=\"https:\/\/www.criteo.com\/br\/wp-content\/uploads\/sites\/5\/2018\/09\/JenFav_Web-Cropped-e1535738467932.jpg\" \/>\n\t<meta property=\"og:image:width\" content=\"1016\" \/>\n\t<meta property=\"og:image:height\" content=\"671\" \/>\n\t<meta property=\"og:image:type\" content=\"image\/jpeg\" \/>\n<meta name=\"author\" content=\"Karen Mangonon\" \/>\n<meta name=\"twitter:card\" content=\"summary_large_image\" \/>\n<meta name=\"twitter:label1\" content=\"Written by\" \/>\n\t<meta name=\"twitter:data1\" content=\"Karen Mangonon\" \/>\n\t<meta name=\"twitter:label2\" content=\"Est. reading time\" \/>\n\t<meta name=\"twitter:data2\" content=\"7 minutes\" \/>\n<script type=\"application\/ld+json\" class=\"yoast-schema-graph\">{\n\t    \"@context\": \"https:\/\/schema.org\",\n\t    \"@graph\": [\n\t        {\n\t            \"@type\": [\n\t                \"Article\",\n\t                \"BlogPosting\"\n\t            ],\n\t            \"@id\": \"https:\/\/www.criteo.com\/br\/blog\/criteo-flow-uma-conversa-com-jen-whelan-vice-presidente-de-marketing-da-criteo\/#article\",\n\t            \"isPartOf\": {\n\t                \"@id\": \"https:\/\/www.criteo.com\/br\/blog\/criteo-flow-uma-conversa-com-jen-whelan-vice-presidente-de-marketing-da-criteo\/\"\n\t            },\n\t            \"author\": {\n\t                \"name\": \"Karen Mangonon\",\n\t                \"@id\": \"https:\/\/www.criteo.com\/br\/#\/schema\/person\/b01f469c01d59bfe2d7c7518df0cea95\"\n\t            },\n\t            \"headline\": \"Criteo FLOW: uma conversa com Jen Whelan, Vice-Presidente de Marketing da Criteo\",\n\t            \"datePublished\": \"2018-09-13T17:10:26+00:00\",\n\t            \"dateModified\": \"2025-12-01T16:33:30+00:00\",\n\t            \"mainEntityOfPage\": {\n\t                \"@id\": \"https:\/\/www.criteo.com\/br\/blog\/criteo-flow-uma-conversa-com-jen-whelan-vice-presidente-de-marketing-da-criteo\/\"\n\t            },\n\t            \"wordCount\": 1257,\n\t            \"publisher\": {\n\t                \"@id\": \"https:\/\/www.criteo.com\/br\/#organization\"\n\t            },\n\t            \"image\": {\n\t                \"@id\": \"https:\/\/www.criteo.com\/br\/blog\/criteo-flow-uma-conversa-com-jen-whelan-vice-presidente-de-marketing-da-criteo\/#primaryimage\"\n\t            },\n\t            \"thumbnailUrl\": \"https:\/\/www.criteo.com\/br\/wp-content\/uploads\/sites\/5\/2018\/09\/JenFav_Web-Cropped-e1535738467932.jpg\",\n\t            \"keywords\": [\n\t                \"Criteo Culture\"\n\t            ],\n\t            \"articleSection\": [\n\t                \"Atualiza\u00e7\u00f5es da Criteo\"\n\t            ],\n\t            \"inLanguage\": \"pt-PT\"\n\t        },\n\t        {\n\t            \"@type\": \"ImageObject\",\n\t            \"inLanguage\": \"pt-PT\",\n\t            \"@id\": \"https:\/\/www.criteo.com\/br\/blog\/criteo-flow-uma-conversa-com-jen-whelan-vice-presidente-de-marketing-da-criteo\/#primaryimage\",\n\t            \"url\": \"https:\/\/www.criteo.com\/br\/wp-content\/uploads\/sites\/5\/2018\/09\/JenFav_Web-Cropped-e1535738467932.jpg\",\n\t            \"contentUrl\": \"https:\/\/www.criteo.com\/br\/wp-content\/uploads\/sites\/5\/2018\/09\/JenFav_Web-Cropped-e1535738467932.jpg\",\n\t            \"width\": 1016,\n\t            \"height\": 671,\n\t            \"caption\": \"Jen Whelan Criteo SVP Marketing\"\n\t        },\n\t        {\n\t            \"@type\": \"BreadcrumbList\",\n\t            \"@id\": \"https:\/\/www.criteo.com\/br\/blog\/criteo-flow-uma-conversa-com-jen-whelan-vice-presidente-de-marketing-da-criteo\/#breadcrumb\",\n\t            \"itemListElement\": [\n\t                {\n\t                    \"@type\": \"ListItem\",\n\t                    \"position\": 1,\n\t                    \"name\": \"Home\",\n\t                    \"item\": \"https:\/\/www.criteo.com\/br\/\"\n\t                },\n\t                {\n\t                    \"@type\": \"ListItem\",\n\t                    \"position\": 2,\n\t                    \"name\": \"Criteo FLOW: uma conversa com Jen Whelan, Vice-Presidente de Marketing da Criteo\"\n\t                }\n\t            ]\n\t        },\n\t        {\n\t            \"@type\": \"Organization\",\n\t            \"@id\": \"https:\/\/www.criteo.com\/br\/#organization\",\n\t            \"name\": \"Criteo\",\n\t            \"alternateName\": \"Criteo corp\",\n\t            \"url\": \"https:\/\/www.criteo.com\/br\/\",\n\t            \"logo\": {\n\t                \"@type\": \"ImageObject\",\n\t                \"inLanguage\": \"pt-PT\",\n\t                \"@id\": \"https:\/\/www.criteo.com\/br\/#\/schema\/logo\/image\/\",\n\t                \"url\": \"https:\/\/www.criteo.com\/br\/wp-content\/uploads\/sites\/5\/2024\/02\/Criteo-Logo.svg\",\n\t                \"contentUrl\": \"https:\/\/www.criteo.com\/br\/wp-content\/uploads\/sites\/5\/2024\/02\/Criteo-Logo.svg\",\n\t                \"width\": 118,\n\t                \"height\": 24,\n\t                \"caption\": \"Criteo\"\n\t            },\n\t            \"image\": {\n\t                \"@id\": \"https:\/\/www.criteo.com\/br\/#\/schema\/logo\/image\/\"\n\t            }\n\t        },\n\t        {\n\t            \"@type\": \"Person\",\n\t            \"@id\": \"https:\/\/www.criteo.com\/br\/#\/schema\/person\/b01f469c01d59bfe2d7c7518df0cea95\",\n\t            \"name\": \"Karen Mangonon\",\n\t            \"image\": {\n\t                \"@type\": \"ImageObject\",\n\t                \"inLanguage\": \"pt-PT\",\n\t                \"@id\": \"https:\/\/www.criteo.com\/br\/#\/schema\/person\/image\/c83f1582a1626edaf9e1b721f954e18b\",\n\t                \"url\": \"https:\/\/secure.gravatar.com\/avatar\/3d45610ace3fdb8c82213910e6ae20e186f551c396ff58ad3f559d78b1c8cd8b?s=96&d=mm&r=g\",\n\t                \"contentUrl\": \"https:\/\/secure.gravatar.com\/avatar\/3d45610ace3fdb8c82213910e6ae20e186f551c396ff58ad3f559d78b1c8cd8b?s=96&d=mm&r=g\",\n\t                \"caption\": \"Karen Mangonon\"\n\t            },\n\t            \"url\": \"https:\/\/www.criteo.com\/br\/blog\/author\/karen\/\"\n\t        }\n\t    ]\n\t}<\/script>\n<!-- \/ Yoast SEO plugin. -->","yoast_head_json":{"title":"Criteo FLOW: uma conversa com Jen Whelan, Vice-Presidente de Marketing da Criteo | BR - Criteo.com","description":"Criteo FLOW tem como objetivo desenvolver, apoiar e inspirar lideran\u00e7as na Criteo. Em 20 de agosto, o FLOW lan\u00e7ou o Hot Seat, uma s\u00e9rie de entrevistas com nossos brilhantes profissionais para compartilharem as suas experi\u00eancias e aprendizados.Quem escolhemos para come\u00e7ar? Nossa Vice-Presidente S\u00eanior de Marketing Jen Whelan.","robots":{"index":"index","follow":"follow","max-snippet":"max-snippet:-1","max-image-preview":"max-image-preview:large","max-video-preview":"max-video-preview:-1"},"canonical":"https:\/\/www.criteo.com\/br\/blog\/criteo-flow-uma-conversa-com-jen-whelan-vice-presidente-de-marketing-da-criteo\/","og_locale":"pt_PT","og_type":"article","og_title":"Criteo FLOW: uma conversa com Jen Whelan, Vice-Presidente de Marketing da Criteo | BR - Criteo.com","og_description":"Criteo FLOW tem como objetivo desenvolver, apoiar e inspirar lideran\u00e7as na Criteo. Em 20 de agosto, o FLOW lan\u00e7ou o Hot Seat, uma s\u00e9rie de entrevistas com nossos brilhantes profissionais para compartilharem as suas experi\u00eancias e aprendizados.Quem escolhemos para come\u00e7ar? Nossa Vice-Presidente S\u00eanior de Marketing Jen Whelan.","og_url":"https:\/\/www.criteo.com\/br\/blog\/criteo-flow-uma-conversa-com-jen-whelan-vice-presidente-de-marketing-da-criteo\/","og_site_name":"BR - Criteo.com","article_published_time":"2018-09-13T17:10:26+00:00","article_modified_time":"2025-12-01T16:33:30+00:00","og_image":[{"width":1016,"height":671,"url":"https:\/\/www.criteo.com\/br\/wp-content\/uploads\/sites\/5\/2018\/09\/JenFav_Web-Cropped-e1535738467932.jpg","type":"image\/jpeg"}],"author":"Karen Mangonon","twitter_card":"summary_large_image","twitter_misc":{"Written by":"Karen Mangonon","Est. reading time":"7 minutes"},"schema":{"@context":"https:\/\/schema.org","@graph":[{"@type":["Article","BlogPosting"],"@id":"https:\/\/www.criteo.com\/br\/blog\/criteo-flow-uma-conversa-com-jen-whelan-vice-presidente-de-marketing-da-criteo\/#article","isPartOf":{"@id":"https:\/\/www.criteo.com\/br\/blog\/criteo-flow-uma-conversa-com-jen-whelan-vice-presidente-de-marketing-da-criteo\/"},"author":{"name":"Karen Mangonon","@id":"https:\/\/www.criteo.com\/br\/#\/schema\/person\/b01f469c01d59bfe2d7c7518df0cea95"},"headline":"Criteo FLOW: uma conversa com Jen Whelan, Vice-Presidente de Marketing da Criteo","datePublished":"2018-09-13T17:10:26+00:00","dateModified":"2025-12-01T16:33:30+00:00","mainEntityOfPage":{"@id":"https:\/\/www.criteo.com\/br\/blog\/criteo-flow-uma-conversa-com-jen-whelan-vice-presidente-de-marketing-da-criteo\/"},"wordCount":1257,"publisher":{"@id":"https:\/\/www.criteo.com\/br\/#organization"},"image":{"@id":"https:\/\/www.criteo.com\/br\/blog\/criteo-flow-uma-conversa-com-jen-whelan-vice-presidente-de-marketing-da-criteo\/#primaryimage"},"thumbnailUrl":"https:\/\/www.criteo.com\/br\/wp-content\/uploads\/sites\/5\/2018\/09\/JenFav_Web-Cropped-e1535738467932.jpg","keywords":["Criteo Culture"],"articleSection":["Atualiza\u00e7\u00f5es da Criteo"],"inLanguage":"pt-PT"},{"@type":"ImageObject","inLanguage":"pt-PT","@id":"https:\/\/www.criteo.com\/br\/blog\/criteo-flow-uma-conversa-com-jen-whelan-vice-presidente-de-marketing-da-criteo\/#primaryimage","url":"https:\/\/www.criteo.com\/br\/wp-content\/uploads\/sites\/5\/2018\/09\/JenFav_Web-Cropped-e1535738467932.jpg","contentUrl":"https:\/\/www.criteo.com\/br\/wp-content\/uploads\/sites\/5\/2018\/09\/JenFav_Web-Cropped-e1535738467932.jpg","width":1016,"height":671,"caption":"Jen Whelan Criteo SVP Marketing"},{"@type":"BreadcrumbList","@id":"https:\/\/www.criteo.com\/br\/blog\/criteo-flow-uma-conversa-com-jen-whelan-vice-presidente-de-marketing-da-criteo\/#breadcrumb","itemListElement":[{"@type":"ListItem","position":1,"name":"Home","item":"https:\/\/www.criteo.com\/br\/"},{"@type":"ListItem","position":2,"name":"Criteo FLOW: uma conversa com Jen Whelan, Vice-Presidente de Marketing da Criteo"}]},{"@type":"Organization","@id":"https:\/\/www.criteo.com\/br\/#organization","name":"Criteo","alternateName":"Criteo corp","url":"https:\/\/www.criteo.com\/br\/","logo":{"@type":"ImageObject","inLanguage":"pt-PT","@id":"https:\/\/www.criteo.com\/br\/#\/schema\/logo\/image\/","url":"https:\/\/www.criteo.com\/br\/wp-content\/uploads\/sites\/5\/2024\/02\/Criteo-Logo.svg","contentUrl":"https:\/\/www.criteo.com\/br\/wp-content\/uploads\/sites\/5\/2024\/02\/Criteo-Logo.svg","width":118,"height":24,"caption":"Criteo"},"image":{"@id":"https:\/\/www.criteo.com\/br\/#\/schema\/logo\/image\/"}},{"@type":"Person","@id":"https:\/\/www.criteo.com\/br\/#\/schema\/person\/b01f469c01d59bfe2d7c7518df0cea95","name":"Karen Mangonon","image":{"@type":"ImageObject","inLanguage":"pt-PT","@id":"https:\/\/www.criteo.com\/br\/#\/schema\/person\/image\/c83f1582a1626edaf9e1b721f954e18b","url":"https:\/\/secure.gravatar.com\/avatar\/3d45610ace3fdb8c82213910e6ae20e186f551c396ff58ad3f559d78b1c8cd8b?s=96&d=mm&r=g","contentUrl":"https:\/\/secure.gravatar.com\/avatar\/3d45610ace3fdb8c82213910e6ae20e186f551c396ff58ad3f559d78b1c8cd8b?s=96&d=mm&r=g","caption":"Karen Mangonon"},"url":"https:\/\/www.criteo.com\/br\/blog\/author\/karen\/"}]}},"_links":{"self":[{"href":"https:\/\/www.criteo.com\/br\/wp-json\/wp\/v2\/posts\/8922","targetHints":{"allow":["GET"]}}],"collection":[{"href":"https:\/\/www.criteo.com\/br\/wp-json\/wp\/v2\/posts"}],"about":[{"href":"https:\/\/www.criteo.com\/br\/wp-json\/wp\/v2\/types\/post"}],"author":[{"embeddable":true,"href":"https:\/\/www.criteo.com\/br\/wp-json\/wp\/v2\/users\/9"}],"replies":[{"embeddable":true,"href":"https:\/\/www.criteo.com\/br\/wp-json\/wp\/v2\/comments?post=8922"}],"version-history":[{"count":7,"href":"https:\/\/www.criteo.com\/br\/wp-json\/wp\/v2\/posts\/8922\/revisions"}],"predecessor-version":[{"id":19764,"href":"https:\/\/www.criteo.com\/br\/wp-json\/wp\/v2\/posts\/8922\/revisions\/19764"}],"wp:featuredmedia":[{"embeddable":true,"href":"https:\/\/www.criteo.com\/br\/wp-json\/wp\/v2\/media\/8927"}],"wp:attachment":[{"href":"https:\/\/www.criteo.com\/br\/wp-json\/wp\/v2\/media?parent=8922"}],"wp:term":[{"taxonomy":"category","embeddable":true,"href":"https:\/\/www.criteo.com\/br\/wp-json\/wp\/v2\/categories?post=8922"},{"taxonomy":"author","embeddable":true,"href":"https:\/\/www.criteo.com\/br\/wp-json\/wp\/v2\/coauthors?post=8922"}],"curies":[{"name":"wp","href":"https:\/\/api.w.org\/{rel}","templated":true}]}}