{"id":10589,"date":"2019-06-17T14:28:57","date_gmt":"2019-06-17T14:28:57","guid":{"rendered":"http:\/\/www.criteo.com\/de\/?p=10589"},"modified":"2024-04-02T16:25:29","modified_gmt":"2024-04-02T16:25:29","slug":"darum-ist-der-amazon-prime-day-2019-eine-chance-fuer-alle-retailer","status":"publish","type":"post","link":"https:\/\/www.criteo.com\/de\/blog\/darum-ist-der-amazon-prime-day-2019-eine-chance-fuer-alle-retailer\/","title":{"rendered":"Darum ist der Amazon Prime Day 2019 eine Chance f\u00fcr alle Retailer"},"content":{"rendered":"<p>&nbsp;<\/p>\n<p>Brands und Retailer kennen die Macht des Black Friday, des ersten Verkaufsh\u00f6hepunkts der Weihnachtssaison. Aber wusstet ihr schon, dass es auch im Sommer solch einen Verkaufstag gibt und dass dieser unmittelbar bevorsteht?<\/p>\n<p>Der Amazon Prime Day findet in diesem Jahr bereits zum f\u00fcnften Mal statt. In dieser Verkaufsaktion, die in der Regel ganze 36 Stunden dauert, durchforsten Prime-Mitglieder das Internet nach tollen Angeboten \u2013 von der Unterhaltungselektronik bis hin zu Luxusartikeln und allem, was dazwischen liegt.<\/p>\n<p>Dabei kaufen sie nicht nur auf Amazon. Criteo-Untersuchungen in unserem Netzwerk von 18.000 Retailern und Brands zeigen, dass der Amazon Prime Day eine gro\u00dfe Strahlkraft entfaltet. Unternehmen, die w\u00e4hrend des Amazon Prime Days gleichfalls Rabatte anbieten, verzeichneten bei ihren Sales ein durchschnittliches Plus von 40 %.<\/p>\n<p>Konsumenten sind bereit, am Amazon Prime Day Geld auszugeben und sie beschr\u00e4nken sich dabei nicht auf einen einzigen H\u00e4ndler.<\/p>\n<h3><strong>Die Strahlkraft des Amazon Prime Day <\/strong><\/h3>\n<p>Unsere Daten zeigen: Die Strahlkraft des Amazon Prime Day erstreckt sich \u00fcber eine gro\u00dfe Anzahl von Retail-Kategorien.<\/p>\n<p>W\u00e4hrend des Amazon Prime Day stiegen die Sales &#8230;<\/p>\n<ul>\n<li>&#8230; bei Computern und Hightech um bis zu 57 %.<\/li>\n<li>&#8230; bei Mode und Luxusartikeln um bis zu 41 %.<\/li>\n<li>&#8230; bei gro\u00dfen Einzelhandelsketten um bis zu 48 %.<\/li>\n<li>&#8230; bei Sportartikeln um bis zu 58 %.<\/li>\n<\/ul>\n<h3 style=\"text-align: center;\"><strong>Am Amazon Prime Day erlebt die ganze Branche ein deutliches Plus<\/strong><\/h3>\n<p><img loading=\"lazy\" decoding=\"async\" class=\"aligncenter size-full wp-image-10590\" src=\"http:\/\/www.criteo.com\/de\/wp-content\/uploads\/sites\/3\/2019\/06\/APD-all-retail-boost-e1558598193687.png\" alt=\"\" width=\"1010\" height=\"790\" srcset=\"https:\/\/www.criteo.com\/de\/wp-content\/uploads\/sites\/3\/2019\/06\/APD-all-retail-boost-e1558598193687.png 1010w, https:\/\/www.criteo.com\/de\/wp-content\/uploads\/sites\/3\/2019\/06\/APD-all-retail-boost-e1558598193687-300x235.png 300w, https:\/\/www.criteo.com\/de\/wp-content\/uploads\/sites\/3\/2019\/06\/APD-all-retail-boost-e1558598193687-768x601.png 768w\" sizes=\"auto, (max-width: 1010px) 100vw, 1010px\" \/><\/p>\n<h3><strong>Die mobilen Sales legen am Amazon Prime Day deutlich zu. <\/strong><\/h3>\n<p>Warum das so ist, liegt eigentlich auf der Hand: Im Vorfeld des Amazon Prime Day wird ordentlich die Werbetrommel ger\u00fchrt. Entsprechend sind K\u00e4ufer bereit, die besten Angebote zu nutzen \u2013 auch standortunabh\u00e4ngig mit ihrem Smartphone.<\/p>\n<h3 style=\"text-align: center;\"><strong>Mobile legt am Amazon Prime Day ordentlich zu<\/strong><\/h3>\n<p><img loading=\"lazy\" decoding=\"async\" class=\"aligncenter size-full wp-image-10592\" src=\"http:\/\/www.criteo.com\/de\/wp-content\/uploads\/sites\/3\/2019\/06\/APD-mobile-sales.png\" alt=\"\" width=\"908\" height=\"716\" srcset=\"https:\/\/www.criteo.com\/de\/wp-content\/uploads\/sites\/3\/2019\/06\/APD-mobile-sales.png 908w, https:\/\/www.criteo.com\/de\/wp-content\/uploads\/sites\/3\/2019\/06\/APD-mobile-sales-300x237.png 300w, https:\/\/www.criteo.com\/de\/wp-content\/uploads\/sites\/3\/2019\/06\/APD-mobile-sales-768x606.png 768w\" sizes=\"auto, (max-width: 908px) 100vw, 908px\" \/><\/p>\n<p style=\"text-align: center;\"><sub>Source: Percentages based on mobile sales. Criteo data, Retail, United States.<\/sub><\/p>\n<p>Normalerweise erleben wir eine solche Zunahme der mobilen Sales am Wochenende, wenn die Menschen unterwegs und nicht an ihrem Schreibtisch sind. Doch im Vergleich zu regul\u00e4ren Mon- und Dienstagen steigt der Anteil der mobilen Sales am Montag und Dienstag des Amazon Prime Day auf bis zu 43 %.<\/p>\n<p>Der Event findet zwar in der Arbeitswoche statt, doch die Fahrstuhlfahrt zum B\u00fcro, das Warten an der Kaffeemaschine oder sogar (oha!) das \u00fcberf\u00fcllte Team-Meeting: All diese Momente geben K\u00e4ufern die Chance, bei einem guten Angebot schnell zuzuschlagen.<\/p>\n<h3 style=\"text-align: center;\"><strong>Anstieg beim Last Minute Shopping<\/strong><\/h3>\n<p><img loading=\"lazy\" decoding=\"async\" class=\"aligncenter wp-image-10594 size-full\" src=\"http:\/\/www.criteo.com\/de\/wp-content\/uploads\/sites\/3\/2019\/06\/APD-last-minute-shopping-e1558599259136.png\" alt=\"Amazon Prime Day\" width=\"958\" height=\"873\" srcset=\"https:\/\/www.criteo.com\/de\/wp-content\/uploads\/sites\/3\/2019\/06\/APD-last-minute-shopping-e1558599259136.png 958w, https:\/\/www.criteo.com\/de\/wp-content\/uploads\/sites\/3\/2019\/06\/APD-last-minute-shopping-e1558599259136-300x273.png 300w, https:\/\/www.criteo.com\/de\/wp-content\/uploads\/sites\/3\/2019\/06\/APD-last-minute-shopping-e1558599259136-768x700.png 768w\" sizes=\"auto, (max-width: 958px) 100vw, 958px\" \/><\/p>\n<p>Zwar entwickelt sich die Anzahl der Artikel, die in Warenk\u00f6rbe gelegt werden, \u00fcber den gesamten Zeitraum konsistent. Doch viele K\u00e4ufer warten bis zum letzten Augenblick mit dem Kauf, vermutlich weil sie sich noch anderweitig informieren und\/oder Preise vergleichen wollen.<\/p>\n<ul>\n<li>Die Anzahl der Artikel, die in Warenk\u00f6rbe gelegt werden, steigt am ersten Tag um bis zu 28 %. Am zweiten Tag betr\u00e4gt das Plus konsistent 30 %.<\/li>\n<li>Die Conversion-Raten legen gleichfalls zu: am ersten Tag um 18 %, am zweiten Tag um 23 %.<\/li>\n<\/ul>\n<h3><strong>So k\u00f6nnen sich Retailer optimal auf den Amazon Prime Day vorbereiten <\/strong><\/h3>\n<p>Doch welche Schlussfolgerungen k\u00f6nnen wir daraus ziehen? Konsumenten haben vor, am Amazon Prime Day Geld auszugeben, doch nicht notwendigerweise bei Amazon. Sie sind bereit, neue Produkte zu entdecken und auch anderswo nach guten Deals zu suchen. Das bedeutet, <a href=\"https:\/\/www.criteo.com\/de\/solutions\/increase-awareness\/\">dass Unternehmen auf sich aufmerksam machen m\u00fcssen<\/a>.<\/p>\n<p>Und das erreicht ihr folgenderma\u00dfen:<\/p>\n<h4><span lang=\"DE\">1. Beginnt eure Werbekampagne bereits vor dem Amazon Prime Day.<\/span><\/h4>\n<p><span lang=\"DE\">Im Juni bereits solltet ihr auf <a href=\"https:\/\/www.criteo.com\/de\/digital-advertising-glossary\/retargeting\/\">Data Driven Advertising<\/a> setzen, um Kunden zur\u00fcckzuholen, die eure Website zuvor verlassen haben, ohne etwas zu kaufen. Je n\u00e4her der Amazon Prime Day r\u00fcckt, desto mehr Aufmerksamkeit solltet ihr euren CPC-Budgets widmen. Indem ihr diese auf einem wettbewerbsf\u00e4higen Niveau haltet, maximiert ihr Traffic und Sales.<\/span><\/p>\n<h4><span lang=\"DE\">2. Setzt auf eine aggressive Gebotsstrategie.<\/span><\/h4>\n<p><span lang=\"DE\">Ihr sollte dar\u00fcber nachdenken, vor, w\u00e4hrend und nach dem Amazon Prime Day auf Frequency Capping zu verzichten, um die hohe Kaufbereitschaft der Konsumenten optimal zu nutzen.<\/span><\/p>\n<h4><span lang=\"DE\">3. Investiert fr\u00fchzeitig.<\/span><\/h4>\n<p><span lang=\"DE\">Unsere Untersuchungen des Zeitraums vor dem eigentlichen Kauf zeigen, dass sich fr\u00fchzeitige Investitionen an wichtigen Verkaufstagen wirklich auszahlen. Ihr solltet euren Kunden bereits im Ged\u00e4chtnis sein, bevor sie etwas kaufen wollen. So denken sie an euch, wenn sie nach ihrer Brieftasche greifen.<\/span><\/p>\n<h4><span lang=\"DE\">4. In der ersten Juliwoche solltet ihr Kunden ansprechen, die bereits zu \u00e4hnlichen Spitzenzeiten gekauft haben.<\/span><\/h4>\n<p><span lang=\"DE\">Mit einer L\u00f6sung wie <a href=\"https:\/\/www.criteo.com\/de\/products\/criteo-audience-match\/\">Criteo Audience Match<\/a> k\u00f6nnt ihr Kunden aus eurem CRM \u00fcber Kan\u00e4le und Endger\u00e4te hinweg identifizieren und gezielt mit hyperrelevanten Ads ansprechen.<\/span><\/p>\n<h4><span lang=\"DE\">5. Als Brand solltet ihr mit euren Retail-Partnern zusammenarbeiten, um so sicherzustellen, dass eure Produkte prominent platziert sind.<\/span><\/h4>\n<p><span lang=\"DE\">Mithilfe von <a href=\"https:\/\/www.criteo.com\/de\/products\/retail-media-for-brands\/\">Criteo Commerce Display<\/a> k\u00f6nnt ihr in euren Retailer-Netzwerken innovative, personalisierte Shoppingerlebnisse erschaffen, auf Basis von Rich Media und mit voller kreativer Kontrolle.<\/span><\/p>\n<h4><span lang=\"DE\">6. Sucht nach neuen Interessenten, die ihr ansprechen k\u00f6nnt.<\/span><\/h4>\n<p><span lang=\"DE\">Ihr solltet eure Strategien so erweitern, dass sie euch und eure Produkte mit den bestm\u00f6glichen K\u00e4ufern zusammenbringen. Ihr k\u00f6nnt zum Beispiel <a href=\"https:\/\/www.criteo.com\/de\/solutions\/customer-acquisition\/\">Criteo Customer Acquisition<\/a> nutzen, um potenzielle Kunden in dieser Verkaufssaison anzusprechen und zum Kauf zu motivieren.<\/span><\/p>\n<p><span lang=\"DE\">Unsere Forschung zeigt ganz deutlich, dass K\u00e4ufer auf die am Amazon Prime Day gebotenen Sonderangebote warten. Und sie kaufen in vielen unterschiedlichen Produktkategorien sowie bei einer Vielzahl von H\u00e4ndlern. Ob nun Brand oder Retailer: Ihr k\u00f6nnt es euch nicht leisten, diese mitten im Jahr gelegene Spitzenzeit zu verpassen.<\/span><\/p>\n<p><span lang=\"DE\">Die Adventszeit ist zwar noch weit, trotzdem solltet ihr die Strahlkraft des Amazon Prime Day nutzen, des sommerlichen Black Fridays.<\/span><\/p>\n<p><em><span lang=\"DE\">Quelle: Indizierte Werte basierend auf Durchschnittsmessungen. Juni 2018. Criteo-Daten, Retail, USA.<\/span><\/em><\/p>\n","protected":false},"excerpt":{"rendered":"<p>&nbsp; Brands und Retailer kennen die Macht des Black Friday, des ersten Verkaufsh\u00f6hepunkts der Weihnachtssaison. Aber wusstet ihr schon, dass es auch im Sommer solch einen Verkaufstag gibt und dass dieser unmittelbar bevorsteht? Der Amazon Prime Day findet in diesem Jahr bereits zum f\u00fcnften Mal statt. In dieser Verkaufsaktion, die in der Regel ganze 36 [&hellip;]<\/p>\n","protected":false},"author":9,"featured_media":10596,"comment_status":"closed","ping_status":"closed","sticky":false,"template":"","format":"standard","meta":{"_acf_changed":false,"footnotes":""},"categories":[164,77],"coauthors":[619],"class_list":{"0":"post-10589","1":"post","2":"type-post","3":"status-publish","4":"format-standard","5":"has-post-thumbnail","7":"category-commerce-media","8":"category-trends-insights"},"acf":{"stae_popup_enable":false,"hide_featured_image":false,"has_download":false,"has_embed":false,"podcast_audio_length":"","use_custom_cta":false},"yoast_head":"<!-- This site is optimized with the Yoast SEO plugin v26.4 - https:\/\/yoast.com\/wordpress\/plugins\/seo\/ -->\n<title>Darum ist der Amazon Prime Day 2019 eine Chance f\u00fcr alle Retailer | DE - Criteo.com<\/title>\n<meta name=\"description\" content=\"Wusstet ihr, dass auch im Sommer eine gro\u00dfartige Verkaufschance auf euch wartet und dass diese kurz bevorsteht? So bereitet ihr euch optimal auf den Amazon Prime Day vor.\" \/>\n<meta name=\"robots\" content=\"index, follow, max-snippet:-1, max-image-preview:large, max-video-preview:-1\" \/>\n<link rel=\"canonical\" href=\"https:\/\/www.criteo.com\/de\/blog\/darum-ist-der-amazon-prime-day-2019-eine-chance-fuer-alle-retailer\/\" \/>\n<meta property=\"og:locale\" content=\"de_DE\" \/>\n<meta property=\"og:type\" content=\"article\" \/>\n<meta property=\"og:title\" content=\"Darum ist der Amazon Prime Day 2019 eine Chance f\u00fcr alle Retailer | DE - Criteo.com\" \/>\n<meta property=\"og:description\" content=\"Wusstet ihr, dass auch im Sommer eine gro\u00dfartige Verkaufschance auf euch wartet und dass diese kurz bevorsteht? So bereitet ihr euch optimal auf den Amazon Prime Day vor.\" \/>\n<meta property=\"og:url\" content=\"https:\/\/www.criteo.com\/de\/blog\/darum-ist-der-amazon-prime-day-2019-eine-chance-fuer-alle-retailer\/\" \/>\n<meta property=\"og:site_name\" content=\"DE - Criteo.com\" \/>\n<meta property=\"article:published_time\" content=\"2019-06-17T14:28:57+00:00\" \/>\n<meta property=\"article:modified_time\" content=\"2024-04-02T16:25:29+00:00\" \/>\n<meta property=\"og:image\" content=\"https:\/\/www.criteo.com\/de\/wp-content\/uploads\/sites\/3\/2019\/06\/apd-cover-3-e1560781719347.png\" \/>\n\t<meta property=\"og:image:width\" content=\"1160\" \/>\n\t<meta property=\"og:image:height\" content=\"564\" \/>\n\t<meta property=\"og:image:type\" content=\"image\/png\" \/>\n<meta name=\"author\" content=\"Karen Mangonon\" \/>\n<meta name=\"twitter:card\" content=\"summary_large_image\" \/>\n<meta name=\"twitter:label1\" content=\"Written by\" \/>\n\t<meta name=\"twitter:data1\" content=\"Karen Mangonon\" \/>\n\t<meta name=\"twitter:label2\" content=\"Est. reading time\" \/>\n\t<meta name=\"twitter:data2\" content=\"6 minutes\" \/>\n<script type=\"application\/ld+json\" class=\"yoast-schema-graph\">{\n\t    \"@context\": \"https:\/\/schema.org\",\n\t    \"@graph\": [\n\t        {\n\t            \"@type\": [\n\t                \"Article\",\n\t                \"BlogPosting\"\n\t            ],\n\t            \"@id\": \"https:\/\/www.criteo.com\/de\/blog\/darum-ist-der-amazon-prime-day-2019-eine-chance-fuer-alle-retailer\/#article\",\n\t            \"isPartOf\": {\n\t                \"@id\": \"https:\/\/www.criteo.com\/de\/blog\/darum-ist-der-amazon-prime-day-2019-eine-chance-fuer-alle-retailer\/\"\n\t            },\n\t            \"author\": {\n\t                \"name\": \"Karen Mangonon\",\n\t                \"@id\": \"https:\/\/www.criteo.com\/de\/#\/schema\/person\/b01f469c01d59bfe2d7c7518df0cea95\"\n\t            },\n\t            \"headline\": \"Darum ist der Amazon Prime Day 2019 eine Chance f\u00fcr alle Retailer\",\n\t            \"datePublished\": \"2019-06-17T14:28:57+00:00\",\n\t            \"dateModified\": \"2024-04-02T16:25:29+00:00\",\n\t            \"mainEntityOfPage\": {\n\t                \"@id\": \"https:\/\/www.criteo.com\/de\/blog\/darum-ist-der-amazon-prime-day-2019-eine-chance-fuer-alle-retailer\/\"\n\t            },\n\t            \"wordCount\": 888,\n\t            \"publisher\": {\n\t                \"@id\": \"https:\/\/www.criteo.com\/de\/#organization\"\n\t            },\n\t            \"image\": {\n\t                \"@id\": \"https:\/\/www.criteo.com\/de\/blog\/darum-ist-der-amazon-prime-day-2019-eine-chance-fuer-alle-retailer\/#primaryimage\"\n\t            },\n\t            \"thumbnailUrl\": \"https:\/\/www.criteo.com\/de\/wp-content\/uploads\/sites\/3\/2019\/06\/apd-cover-3-e1560781719347.png\",\n\t            \"keywords\": [\n\t                \"Consumer Trends\",\n\t                \"Retargeting\",\n\t                \"Seasonality\"\n\t            ],\n\t            \"articleSection\": [\n\t                \"Commerce Media\",\n\t                \"Trends &amp; Insights\"\n\t            ],\n\t            \"inLanguage\": \"de-DE\"\n\t        },\n\t        {\n\t            \"@type\": \"ImageObject\",\n\t            \"inLanguage\": \"de-DE\",\n\t            \"@id\": \"https:\/\/www.criteo.com\/de\/blog\/darum-ist-der-amazon-prime-day-2019-eine-chance-fuer-alle-retailer\/#primaryimage\",\n\t            \"url\": \"https:\/\/www.criteo.com\/de\/wp-content\/uploads\/sites\/3\/2019\/06\/apd-cover-3-e1560781719347.png\",\n\t            \"contentUrl\": \"https:\/\/www.criteo.com\/de\/wp-content\/uploads\/sites\/3\/2019\/06\/apd-cover-3-e1560781719347.png\",\n\t            \"width\": 1160,\n\t            \"height\": 564\n\t        },\n\t        {\n\t            \"@type\": \"BreadcrumbList\",\n\t            \"@id\": \"https:\/\/www.criteo.com\/de\/blog\/darum-ist-der-amazon-prime-day-2019-eine-chance-fuer-alle-retailer\/#breadcrumb\",\n\t            \"itemListElement\": [\n\t                {\n\t                    \"@type\": \"ListItem\",\n\t                    \"position\": 1,\n\t                    \"name\": \"Home\",\n\t                    \"item\": \"https:\/\/www.criteo.com\/de\/\"\n\t                },\n\t                {\n\t                    \"@type\": \"ListItem\",\n\t                    \"position\": 2,\n\t                    \"name\": \"Darum ist der Amazon Prime Day 2019 eine Chance f\u00fcr alle Retailer\"\n\t                }\n\t            ]\n\t        },\n\t        {\n\t            \"@type\": \"Organization\",\n\t            \"@id\": \"https:\/\/www.criteo.com\/de\/#organization\",\n\t            \"name\": \"Criteo\",\n\t            \"alternateName\": \"Criteo corp\",\n\t            \"url\": \"https:\/\/www.criteo.com\/de\/\",\n\t            \"logo\": {\n\t                \"@type\": \"ImageObject\",\n\t                \"inLanguage\": \"de-DE\",\n\t                \"@id\": \"https:\/\/www.criteo.com\/de\/#\/schema\/logo\/image\/\",\n\t                \"url\": \"https:\/\/www.criteo.com\/de\/wp-content\/uploads\/sites\/3\/2024\/02\/Criteo-Logo.svg\",\n\t                \"contentUrl\": \"https:\/\/www.criteo.com\/de\/wp-content\/uploads\/sites\/3\/2024\/02\/Criteo-Logo.svg\",\n\t                \"width\": 118,\n\t                \"height\": 24,\n\t                \"caption\": \"Criteo\"\n\t            },\n\t            \"image\": {\n\t                \"@id\": \"https:\/\/www.criteo.com\/de\/#\/schema\/logo\/image\/\"\n\t            }\n\t        },\n\t        {\n\t            \"@type\": \"Person\",\n\t            \"@id\": \"https:\/\/www.criteo.com\/de\/#\/schema\/person\/b01f469c01d59bfe2d7c7518df0cea95\",\n\t            \"name\": \"Karen Mangonon\",\n\t            \"image\": {\n\t                \"@type\": \"ImageObject\",\n\t                \"inLanguage\": \"de-DE\",\n\t                \"@id\": \"https:\/\/www.criteo.com\/de\/#\/schema\/person\/image\/c83f1582a1626edaf9e1b721f954e18b\",\n\t                \"url\": \"https:\/\/secure.gravatar.com\/avatar\/3d45610ace3fdb8c82213910e6ae20e186f551c396ff58ad3f559d78b1c8cd8b?s=96&d=mm&r=g\",\n\t                \"contentUrl\": \"https:\/\/secure.gravatar.com\/avatar\/3d45610ace3fdb8c82213910e6ae20e186f551c396ff58ad3f559d78b1c8cd8b?s=96&d=mm&r=g\",\n\t                \"caption\": \"Karen Mangonon\"\n\t            },\n\t            \"url\": \"https:\/\/www.criteo.com\/de\/blog\/author\/karen\/\"\n\t        }\n\t    ]\n\t}<\/script>\n<!-- \/ Yoast SEO plugin. -->","yoast_head_json":{"title":"Darum ist der Amazon Prime Day 2019 eine Chance f\u00fcr alle Retailer | DE - Criteo.com","description":"Wusstet ihr, dass auch im Sommer eine gro\u00dfartige Verkaufschance auf euch wartet und dass diese kurz bevorsteht? So bereitet ihr euch optimal auf den Amazon Prime Day vor.","robots":{"index":"index","follow":"follow","max-snippet":"max-snippet:-1","max-image-preview":"max-image-preview:large","max-video-preview":"max-video-preview:-1"},"canonical":"https:\/\/www.criteo.com\/de\/blog\/darum-ist-der-amazon-prime-day-2019-eine-chance-fuer-alle-retailer\/","og_locale":"de_DE","og_type":"article","og_title":"Darum ist der Amazon Prime Day 2019 eine Chance f\u00fcr alle Retailer | DE - Criteo.com","og_description":"Wusstet ihr, dass auch im Sommer eine gro\u00dfartige Verkaufschance auf euch wartet und dass diese kurz bevorsteht? So bereitet ihr euch optimal auf den Amazon Prime Day vor.","og_url":"https:\/\/www.criteo.com\/de\/blog\/darum-ist-der-amazon-prime-day-2019-eine-chance-fuer-alle-retailer\/","og_site_name":"DE - Criteo.com","article_published_time":"2019-06-17T14:28:57+00:00","article_modified_time":"2024-04-02T16:25:29+00:00","og_image":[{"width":1160,"height":564,"url":"https:\/\/www.criteo.com\/de\/wp-content\/uploads\/sites\/3\/2019\/06\/apd-cover-3-e1560781719347.png","type":"image\/png"}],"author":"Karen Mangonon","twitter_card":"summary_large_image","twitter_misc":{"Written by":"Karen Mangonon","Est. reading time":"6 minutes"},"schema":{"@context":"https:\/\/schema.org","@graph":[{"@type":["Article","BlogPosting"],"@id":"https:\/\/www.criteo.com\/de\/blog\/darum-ist-der-amazon-prime-day-2019-eine-chance-fuer-alle-retailer\/#article","isPartOf":{"@id":"https:\/\/www.criteo.com\/de\/blog\/darum-ist-der-amazon-prime-day-2019-eine-chance-fuer-alle-retailer\/"},"author":{"name":"Karen Mangonon","@id":"https:\/\/www.criteo.com\/de\/#\/schema\/person\/b01f469c01d59bfe2d7c7518df0cea95"},"headline":"Darum ist der Amazon Prime Day 2019 eine Chance f\u00fcr alle Retailer","datePublished":"2019-06-17T14:28:57+00:00","dateModified":"2024-04-02T16:25:29+00:00","mainEntityOfPage":{"@id":"https:\/\/www.criteo.com\/de\/blog\/darum-ist-der-amazon-prime-day-2019-eine-chance-fuer-alle-retailer\/"},"wordCount":888,"publisher":{"@id":"https:\/\/www.criteo.com\/de\/#organization"},"image":{"@id":"https:\/\/www.criteo.com\/de\/blog\/darum-ist-der-amazon-prime-day-2019-eine-chance-fuer-alle-retailer\/#primaryimage"},"thumbnailUrl":"https:\/\/www.criteo.com\/de\/wp-content\/uploads\/sites\/3\/2019\/06\/apd-cover-3-e1560781719347.png","keywords":["Consumer Trends","Retargeting","Seasonality"],"articleSection":["Commerce Media","Trends &amp; Insights"],"inLanguage":"de-DE"},{"@type":"ImageObject","inLanguage":"de-DE","@id":"https:\/\/www.criteo.com\/de\/blog\/darum-ist-der-amazon-prime-day-2019-eine-chance-fuer-alle-retailer\/#primaryimage","url":"https:\/\/www.criteo.com\/de\/wp-content\/uploads\/sites\/3\/2019\/06\/apd-cover-3-e1560781719347.png","contentUrl":"https:\/\/www.criteo.com\/de\/wp-content\/uploads\/sites\/3\/2019\/06\/apd-cover-3-e1560781719347.png","width":1160,"height":564},{"@type":"BreadcrumbList","@id":"https:\/\/www.criteo.com\/de\/blog\/darum-ist-der-amazon-prime-day-2019-eine-chance-fuer-alle-retailer\/#breadcrumb","itemListElement":[{"@type":"ListItem","position":1,"name":"Home","item":"https:\/\/www.criteo.com\/de\/"},{"@type":"ListItem","position":2,"name":"Darum ist der Amazon Prime Day 2019 eine Chance f\u00fcr alle Retailer"}]},{"@type":"Organization","@id":"https:\/\/www.criteo.com\/de\/#organization","name":"Criteo","alternateName":"Criteo corp","url":"https:\/\/www.criteo.com\/de\/","logo":{"@type":"ImageObject","inLanguage":"de-DE","@id":"https:\/\/www.criteo.com\/de\/#\/schema\/logo\/image\/","url":"https:\/\/www.criteo.com\/de\/wp-content\/uploads\/sites\/3\/2024\/02\/Criteo-Logo.svg","contentUrl":"https:\/\/www.criteo.com\/de\/wp-content\/uploads\/sites\/3\/2024\/02\/Criteo-Logo.svg","width":118,"height":24,"caption":"Criteo"},"image":{"@id":"https:\/\/www.criteo.com\/de\/#\/schema\/logo\/image\/"}},{"@type":"Person","@id":"https:\/\/www.criteo.com\/de\/#\/schema\/person\/b01f469c01d59bfe2d7c7518df0cea95","name":"Karen Mangonon","image":{"@type":"ImageObject","inLanguage":"de-DE","@id":"https:\/\/www.criteo.com\/de\/#\/schema\/person\/image\/c83f1582a1626edaf9e1b721f954e18b","url":"https:\/\/secure.gravatar.com\/avatar\/3d45610ace3fdb8c82213910e6ae20e186f551c396ff58ad3f559d78b1c8cd8b?s=96&d=mm&r=g","contentUrl":"https:\/\/secure.gravatar.com\/avatar\/3d45610ace3fdb8c82213910e6ae20e186f551c396ff58ad3f559d78b1c8cd8b?s=96&d=mm&r=g","caption":"Karen Mangonon"},"url":"https:\/\/www.criteo.com\/de\/blog\/author\/karen\/"}]}},"_links":{"self":[{"href":"https:\/\/www.criteo.com\/de\/wp-json\/wp\/v2\/posts\/10589","targetHints":{"allow":["GET"]}}],"collection":[{"href":"https:\/\/www.criteo.com\/de\/wp-json\/wp\/v2\/posts"}],"about":[{"href":"https:\/\/www.criteo.com\/de\/wp-json\/wp\/v2\/types\/post"}],"author":[{"embeddable":true,"href":"https:\/\/www.criteo.com\/de\/wp-json\/wp\/v2\/users\/9"}],"replies":[{"embeddable":true,"href":"https:\/\/www.criteo.com\/de\/wp-json\/wp\/v2\/comments?post=10589"}],"version-history":[{"count":9,"href":"https:\/\/www.criteo.com\/de\/wp-json\/wp\/v2\/posts\/10589\/revisions"}],"predecessor-version":[{"id":21200,"href":"https:\/\/www.criteo.com\/de\/wp-json\/wp\/v2\/posts\/10589\/revisions\/21200"}],"wp:featuredmedia":[{"embeddable":true,"href":"https:\/\/www.criteo.com\/de\/wp-json\/wp\/v2\/media\/10596"}],"wp:attachment":[{"href":"https:\/\/www.criteo.com\/de\/wp-json\/wp\/v2\/media?parent=10589"}],"wp:term":[{"taxonomy":"category","embeddable":true,"href":"https:\/\/www.criteo.com\/de\/wp-json\/wp\/v2\/categories?post=10589"},{"taxonomy":"author","embeddable":true,"href":"https:\/\/www.criteo.com\/de\/wp-json\/wp\/v2\/coauthors?post=10589"}],"curies":[{"name":"wp","href":"https:\/\/api.w.org\/{rel}","templated":true}]}}