{"id":18169,"date":"2022-11-30T18:01:02","date_gmt":"2022-11-30T18:01:02","guid":{"rendered":"https:\/\/www.criteo.com\/es\/?p=18169"},"modified":"2023-03-09T13:59:42","modified_gmt":"2023-03-09T13:59:42","slug":"global-travel-q3-2022","status":"publish","type":"post","link":"https:\/\/www.criteo.com\/es\/blog\/global-travel-q3-2022\/","title":{"rendered":"El estado del sector de los Viajes a nivel mundial en el Q3 y en el futuro: Cada vez con m\u00e1s ganas de viajar"},"content":{"rendered":"<p>El 2022 ha sido el a\u00f1o del regreso para el sector de los Viajes, y los datos de Criteo revelan grandes oportunidades para el 2023.\u00a0En el Q1, se observ\u00f3 una tendencia generalizada en todo el mundo de\u00a0confianza renovada por parte de los consumidores para viajar, y en el Q2, los viajes en avi\u00f3n llegaron a nuevas cotas, con las reservas\u00a0<a href=\"https:\/\/www.criteo.com\/es\/blog\/state-of-global-travel-q2-2022\/\">superando<\/a>\u00a0los niveles prepandemia.<\/p>\n<p>Mientras los Profesionales del Marketing se preparan para lo que se viene en la categor\u00eda Viajes, hemos aprovechado la informaci\u00f3n de la que disponemos en nuestra base de datos de m\u00e1s de 2.000 agentes de viajes de m\u00e1s de 50 pa\u00edses para desvelar el estado actual del sector de los Viajes a nivel mundial. Consulta algunas de las tendencias que hemos descubierto para prepararte para el sector de r\u00e1pida evoluci\u00f3n de los Viajes.<\/p>\n<h3><strong>Las reservas de vuelos contin\u00faan dispar\u00e1ndose<\/strong><\/h3>\n<p>En todas las regiones, los viajes en avi\u00f3n en el Q3 han ido registrando importantes ganancias desde la primera disrupci\u00f3n en el sector provocada por la pandemia.<\/p>\n<p>Los desplazamientos en avi\u00f3n en la zona APAC demostraron ser especialmente resilientes. Si comparamos septiembre de 2022 con septiembre de 2019, las reservas de viajes en la zona APAC superaron los niveles de antes de la pandemia en un 30%. En Jap\u00f3n, en especial, las reservas aumentaron un incre\u00edble 316% interanual.<\/p>\n<p>En Am\u00e9rica, las reservas de viajes en avi\u00f3n en septiembre aumentaron en un 4% en comparaci\u00f3n con el mismo periodo (pre-pandemia) de 2019. Aunque las reservas generales en toda la regi\u00f3n (que incluye los EE. UU., Latinoam\u00e9rica y Canad\u00e1) descendieron ligeramente en comparaci\u00f3n con 2021 (-9%), los viajeros de algunas zonas ya est\u00e1n listos para volar. Por ejemplo, en los EE. UU., las reservas se duplicaron, con un 102% m\u00e1s interanual.<\/p>\n<figure id=\"attachment_18170\" aria-describedby=\"caption-attachment-18170\" style=\"width: 1361px\" class=\"wp-caption aligncenter\"><img loading=\"lazy\" decoding=\"async\" class=\"wp-image-18170 size-full\" src=\"https:\/\/www.criteo.com\/es\/wp-content\/uploads\/sites\/8\/2022\/11\/Reservas-de-vuelos-en-septiembre-a-nivel-mundial.png\" alt=\"\" width=\"1361\" height=\"980\" srcset=\"https:\/\/www.criteo.com\/es\/wp-content\/uploads\/sites\/8\/2022\/11\/Reservas-de-vuelos-en-septiembre-a-nivel-mundial.png 1361w, https:\/\/www.criteo.com\/es\/wp-content\/uploads\/sites\/8\/2022\/11\/Reservas-de-vuelos-en-septiembre-a-nivel-mundial-300x216.png 300w, https:\/\/www.criteo.com\/es\/wp-content\/uploads\/sites\/8\/2022\/11\/Reservas-de-vuelos-en-septiembre-a-nivel-mundial-1024x737.png 1024w, https:\/\/www.criteo.com\/es\/wp-content\/uploads\/sites\/8\/2022\/11\/Reservas-de-vuelos-en-septiembre-a-nivel-mundial-768x553.png 768w, https:\/\/www.criteo.com\/es\/wp-content\/uploads\/sites\/8\/2022\/11\/Reservas-de-vuelos-en-septiembre-a-nivel-mundial-630x454.png 630w\" sizes=\"auto, (max-width: 1361px) 100vw, 1361px\" \/><figcaption id=\"caption-attachment-18170\" class=\"wp-caption-text\">Fuente: Reservas indexadas de viajes en avi\u00f3n en comparaci\u00f3n con septiembre de 2019 (referencia de antes de la pandemia).<\/figcaption><\/figure>\n<p>Las reservas de vuelos en la zona EMEA a\u00fan no han alcanzado los niveles pre-pandemia, no obstante, en comparaci\u00f3n con 2021, en muchos pa\u00edses este sector est\u00e1 remontando el vuelo. Las reservas registraron un aumento interanual en Francia (+92%), Alemania (+65%), Italia (+76%) y el Reino Unido (+93%).<\/p>\n<h3><strong>Los viajeros est\u00e1n aventur\u00e1ndose, tambi\u00e9n a nivel internacional<\/strong><\/h3>\n<p>Si analizamos los datos sobre vuelos a nivel mundial por distancias, muchos viajeros de todo el mundo est\u00e1n reservando vuelos m\u00e1s lejos que el a\u00f1o pasado.<\/p>\n<p>Los datos de Criteo muestran que en EMEA, la cuota de reservas de vuelos clasificados de &#8220;larga distancia&#8221; (distancia superior a 2.500 millas n\u00e1uticas) desde el 24 al 30 de septiembre aument\u00f3 un 30% en comparaci\u00f3n con el mismo periodo del a\u00f1o pasado. En Am\u00e9rica, la proporci\u00f3n de las reservas de vuelos de larga distancia aument\u00f3 un 41%, mientras que en APAC, la cuota de reservas de vuelos de larga distancia se dispar\u00f3 un 75% interanual.<\/p>\n<h5 style=\"text-align: center;\"><\/h5>\n<figure id=\"attachment_18172\" aria-describedby=\"caption-attachment-18172\" style=\"width: 2092px\" class=\"wp-caption alignleft\"><img loading=\"lazy\" decoding=\"async\" class=\"wp-image-18172 size-full\" src=\"https:\/\/www.criteo.com\/es\/wp-content\/uploads\/sites\/8\/2022\/11\/Cambio-de-porcentaje-en-cuota-de-vuelos-reservados-por-distancia.png\" alt=\"\" width=\"2092\" height=\"643\" srcset=\"https:\/\/www.criteo.com\/es\/wp-content\/uploads\/sites\/8\/2022\/11\/Cambio-de-porcentaje-en-cuota-de-vuelos-reservados-por-distancia.png 2092w, https:\/\/www.criteo.com\/es\/wp-content\/uploads\/sites\/8\/2022\/11\/Cambio-de-porcentaje-en-cuota-de-vuelos-reservados-por-distancia-300x92.png 300w, https:\/\/www.criteo.com\/es\/wp-content\/uploads\/sites\/8\/2022\/11\/Cambio-de-porcentaje-en-cuota-de-vuelos-reservados-por-distancia-1024x315.png 1024w, https:\/\/www.criteo.com\/es\/wp-content\/uploads\/sites\/8\/2022\/11\/Cambio-de-porcentaje-en-cuota-de-vuelos-reservados-por-distancia-768x236.png 768w, https:\/\/www.criteo.com\/es\/wp-content\/uploads\/sites\/8\/2022\/11\/Cambio-de-porcentaje-en-cuota-de-vuelos-reservados-por-distancia-1536x472.png 1536w, https:\/\/www.criteo.com\/es\/wp-content\/uploads\/sites\/8\/2022\/11\/Cambio-de-porcentaje-en-cuota-de-vuelos-reservados-por-distancia-2048x629.png 2048w, https:\/\/www.criteo.com\/es\/wp-content\/uploads\/sites\/8\/2022\/11\/Cambio-de-porcentaje-en-cuota-de-vuelos-reservados-por-distancia-630x194.png 630w\" sizes=\"auto, (max-width: 2092px) 100vw, 2092px\" \/><figcaption id=\"caption-attachment-18172\" class=\"wp-caption-text\">Fuente: Datos org\u00e1nicos de Criteo. Datos sobre vuelos extra\u00eddos de reservas en el periodo comprendido entre el 24 y 30 de septiembre, en 2021 y 2022, en el mismo conjunto de partners de Viajes en avi\u00f3n con datos consistentes en ambos a\u00f1os.<\/figcaption><\/figure>\n<p>En la regi\u00f3n de EMEA,\u00a0la proporci\u00f3n de reservas de vuelos para destinos internacionales aument\u00f3 en un 8% comparando el periodo del 24 al 30 de septiembre de 2022 con el periodo del 24 al 30 de septiembre de 2021.\u00a0La proporci\u00f3n de reservas de vuelos internacionales en Am\u00e9rica aument\u00f3 en un 39% interanual.\u00a0Los destinos m\u00e1s lejanos fueron especialmente atractivos para los viajeros de APAC, con una proporci\u00f3n de reservas de vuelos internacionales que registr\u00f3 un incremento interanual del 155%.<\/p>\n<h3><strong>Las tasas de conversi\u00f3n muestran un crecimiento de la popularidad de las agencias de viajes online<\/strong><\/h3>\n<p>En Am\u00e9rica, las tasas de conversi\u00f3n para las Agencias de viajes online (OTAs) aumentaron en un 46% si comparamos septiembre de 2022 con niveles prepandemia de septiembre de 2019. Mientras, las tasas de conversi\u00f3n de los proveedores* fueron m\u00e1s moderadas, pero a\u00fan as\u00ed registraron un aumento del 13% con respecto a las referencias pre-pandemia.<\/p>\n<p>Las tasas de conversi\u00f3n de la zona APAC para las OTAs tambi\u00e9n superaron los niveles pre-pandemia: En septiembre de 2022, las tasas de conversi\u00f3n de las OTAs aumentaron un 27% con respecto a septiembre de 2019. Las tasas de conversi\u00f3n de los proveedores en APAC a\u00fan estaban por debajo de los valores de referencia previos a la pandemia.<\/p>\n<p>En EMEA, las tasas de conversi\u00f3n de las OTAs y los proveedores han registrado una amplia mejora en a\u00f1os recientes, aunque siguen estando por debajo de los niveles pre-pandemia. En septiembre de 2022, las tasas de conversi\u00f3n de las OTAs ascendieron en un 11% en comparaci\u00f3n con septiembre de 2021.<\/p>\n<figure id=\"attachment_18174\" aria-describedby=\"caption-attachment-18174\" style=\"width: 1369px\" class=\"wp-caption aligncenter\"><img loading=\"lazy\" decoding=\"async\" class=\"wp-image-18174 size-full\" src=\"https:\/\/www.criteo.com\/es\/wp-content\/uploads\/sites\/8\/2022\/11\/Tasas-de-conversion-del-sector-de-los-Viajes-en-septiembre-a-nivel-mundial.png\" alt=\"\" width=\"1369\" height=\"965\" srcset=\"https:\/\/www.criteo.com\/es\/wp-content\/uploads\/sites\/8\/2022\/11\/Tasas-de-conversion-del-sector-de-los-Viajes-en-septiembre-a-nivel-mundial.png 1369w, https:\/\/www.criteo.com\/es\/wp-content\/uploads\/sites\/8\/2022\/11\/Tasas-de-conversion-del-sector-de-los-Viajes-en-septiembre-a-nivel-mundial-300x211.png 300w, https:\/\/www.criteo.com\/es\/wp-content\/uploads\/sites\/8\/2022\/11\/Tasas-de-conversion-del-sector-de-los-Viajes-en-septiembre-a-nivel-mundial-1024x722.png 1024w, https:\/\/www.criteo.com\/es\/wp-content\/uploads\/sites\/8\/2022\/11\/Tasas-de-conversion-del-sector-de-los-Viajes-en-septiembre-a-nivel-mundial-768x541.png 768w, https:\/\/www.criteo.com\/es\/wp-content\/uploads\/sites\/8\/2022\/11\/Tasas-de-conversion-del-sector-de-los-Viajes-en-septiembre-a-nivel-mundial-630x444.png 630w\" sizes=\"auto, (max-width: 1369px) 100vw, 1369px\" \/><figcaption id=\"caption-attachment-18174\" class=\"wp-caption-text\">Fuente: Reservas indexadas de viajes en avi\u00f3n en comparaci\u00f3n con septiembre de 2019 (referencia de antes de la pandemia). El mismo grupo de agentes de Viajes con un seguimiento estable de reservas online desde el 2019.<\/figcaption><\/figure>\n<p>*Proveedores &#8211; Agentes de viajes que poseen y dirigen hoteles, aerol\u00edneas y empresas de veh\u00edculos.<\/p>\n<h3><strong>Con la mirada puesta en los viajes de A\u00f1o Nuevo<\/strong><\/h3>\n<p>Los datos hist\u00f3ricos de Criteo muestran que durante los dos inviernos de la era de la pandemia, los consumidores han mostrado una clara intenci\u00f3n de viajar justo despu\u00e9s de A\u00f1o Nuevo.<\/p>\n<p>Bas\u00e1ndonos en las reservas de viajes en avi\u00f3n de principios de enero a nivel mundial, est\u00e1 claro que muchos viajeros estaban planeando sus pr\u00f3ximos viajes despu\u00e9s de A\u00f1o Nuevo, con niveles que superaron los valores de referencia pre-pandemia.<\/p>\n<figure id=\"attachment_18176\" aria-describedby=\"caption-attachment-18176\" style=\"width: 2100px\" class=\"wp-caption aligncenter\"><img loading=\"lazy\" decoding=\"async\" class=\"wp-image-18176 size-full\" src=\"https:\/\/www.criteo.com\/es\/wp-content\/uploads\/sites\/8\/2022\/11\/Volumen-de-reservas-indexadas-de-viajes-en-avion-en-comparacion-con-el-periodo-del-1-al-28-de-diciembre.png\" alt=\"\" width=\"2100\" height=\"651\" srcset=\"https:\/\/www.criteo.com\/es\/wp-content\/uploads\/sites\/8\/2022\/11\/Volumen-de-reservas-indexadas-de-viajes-en-avion-en-comparacion-con-el-periodo-del-1-al-28-de-diciembre.png 2100w, https:\/\/www.criteo.com\/es\/wp-content\/uploads\/sites\/8\/2022\/11\/Volumen-de-reservas-indexadas-de-viajes-en-avion-en-comparacion-con-el-periodo-del-1-al-28-de-diciembre-300x93.png 300w, https:\/\/www.criteo.com\/es\/wp-content\/uploads\/sites\/8\/2022\/11\/Volumen-de-reservas-indexadas-de-viajes-en-avion-en-comparacion-con-el-periodo-del-1-al-28-de-diciembre-1024x317.png 1024w, https:\/\/www.criteo.com\/es\/wp-content\/uploads\/sites\/8\/2022\/11\/Volumen-de-reservas-indexadas-de-viajes-en-avion-en-comparacion-con-el-periodo-del-1-al-28-de-diciembre-768x238.png 768w, https:\/\/www.criteo.com\/es\/wp-content\/uploads\/sites\/8\/2022\/11\/Volumen-de-reservas-indexadas-de-viajes-en-avion-en-comparacion-con-el-periodo-del-1-al-28-de-diciembre-1536x476.png 1536w, https:\/\/www.criteo.com\/es\/wp-content\/uploads\/sites\/8\/2022\/11\/Volumen-de-reservas-indexadas-de-viajes-en-avion-en-comparacion-con-el-periodo-del-1-al-28-de-diciembre-2048x635.png 2048w, https:\/\/www.criteo.com\/es\/wp-content\/uploads\/sites\/8\/2022\/11\/Volumen-de-reservas-indexadas-de-viajes-en-avion-en-comparacion-con-el-periodo-del-1-al-28-de-diciembre-630x195.png 630w\" sizes=\"auto, (max-width: 2100px) 100vw, 2100px\" \/><figcaption id=\"caption-attachment-18176\" class=\"wp-caption-text\">Fuente: Las reservas de viajes en avi\u00f3n indexadas comparadas con la media de las 4 semanas que van del 1 al 28 de diciembre, cada a\u00f1o. El mismo grupo de agentes de Viajes con un seguimiento estable de reservas durante el periodo de 2 a\u00f1os.<\/figcaption><\/figure>\n<p>Si observamos las reservas de hoteles y complejos tur\u00edsticos, los viajeros de todo el mundo suelen mostrar el mismo patr\u00f3n. Por regiones, los vol\u00famenes de reservas aumentaban hist\u00f3ricamente a medida que los viajeros planeaban sus grandes escapadas a lo largo del a\u00f1o.<\/p>\n<figure id=\"attachment_18178\" aria-describedby=\"caption-attachment-18178\" style=\"width: 2095px\" class=\"wp-caption aligncenter\"><img loading=\"lazy\" decoding=\"async\" class=\"wp-image-18178 size-full\" src=\"https:\/\/www.criteo.com\/es\/wp-content\/uploads\/sites\/8\/2022\/11\/Hotel.png\" alt=\"\" width=\"2095\" height=\"608\" srcset=\"https:\/\/www.criteo.com\/es\/wp-content\/uploads\/sites\/8\/2022\/11\/Hotel.png 2095w, https:\/\/www.criteo.com\/es\/wp-content\/uploads\/sites\/8\/2022\/11\/Hotel-300x87.png 300w, https:\/\/www.criteo.com\/es\/wp-content\/uploads\/sites\/8\/2022\/11\/Hotel-1024x297.png 1024w, https:\/\/www.criteo.com\/es\/wp-content\/uploads\/sites\/8\/2022\/11\/Hotel-768x223.png 768w, https:\/\/www.criteo.com\/es\/wp-content\/uploads\/sites\/8\/2022\/11\/Hotel-1536x446.png 1536w, https:\/\/www.criteo.com\/es\/wp-content\/uploads\/sites\/8\/2022\/11\/Hotel-2048x594.png 2048w, https:\/\/www.criteo.com\/es\/wp-content\/uploads\/sites\/8\/2022\/11\/Hotel-630x183.png 630w\" sizes=\"auto, (max-width: 2095px) 100vw, 2095px\" \/><figcaption id=\"caption-attachment-18178\" class=\"wp-caption-text\">Fuente: Las reservas de Hoteles y Alquileres indexadas comparadas con la media de las 4 semanas que van del 1 al 28 de diciembre, cada a\u00f1o. El mismo grupo de agentes de Viajes con un seguimiento estable de reservas durante el periodo de 2 a\u00f1os.<\/figcaption><\/figure>\n<h3><strong>Aprovecha al m\u00e1ximo el crecimiento del sector de los Viajes con el Commerce Media<\/strong><\/h3>\n<p>Desde disfrutar de m\u00e1s escapadas internacionales a reservar m\u00e1s frecuentemente a trav\u00e9s de OTAs, los comportamientos de viaje de los consumidores est\u00e1n cambiando a medida que el sector contin\u00faa recuper\u00e1ndose de la pandemia.\u00a0Gracias a la\u00a0Commerce Media Platform de Criteo, los Profesionales del Marketing pueden aprovechar el crecimiento continuado de la categor\u00eda Viajes sacando partido de la base de datos comerciales m\u00e1s grande del internet abierto para identificar, interactuar y generar conversi\u00f3n con los viajeros oportunos a lo largo de su proceso de compra.<\/p>\n<p>\u00bfEst\u00e1s listo para atraer a los viajeros con potentes soluciones de crecimiento de clientes? Consulta m\u00e1s informaci\u00f3n sobre la\u00a0<a href=\"https:\/\/www.criteo.com\/es\/platform\/commerce-media-platform\/\">Commerce Media Platform<\/a> de Criteo.<\/p>\n<p>Para m\u00e1s informaci\u00f3n sobre las tendencias en el sector de los Viajes, visita el <a href=\"https:\/\/www.criteo.com\/es\/blog\/criteo-seasonal-travel-dashboard\/\">Panel de control de viajes de temporada<\/a> y el\u00a0<a href=\"https:\/\/www.criteo.com\/es\/blog\/commerce-trends-dashboard\/\">Panel de tendencias comerciales<\/a>\u00a0de Criteo para obtener m\u00e1s informaci\u00f3n sobre el estado de los viajes y el comercio a nivel mundial.<\/p>\n","protected":false},"excerpt":{"rendered":"<p>El 2022 ha sido el a\u00f1o del regreso para el sector de los Viajes, y los datos de Criteo revelan grandes oportunidades para el 2023.\u00a0En el Q1, se observ\u00f3 una tendencia generalizada en todo el mundo de\u00a0confianza renovada por parte de los consumidores para viajar, y en el Q2, los viajes en avi\u00f3n llegaron a [&hellip;]<\/p>\n","protected":false},"author":55,"featured_media":18180,"comment_status":"closed","ping_status":"closed","sticky":false,"template":"","format":"standard","meta":{"_acf_changed":false,"footnotes":""},"categories":[443],"coauthors":[],"class_list":{"0":"post-18169","1":"post","2":"type-post","3":"status-publish","4":"format-standard","5":"has-post-thumbnail","7":"category-trends-insights","8":"criteo-industry-travel","9":"criteo-topic-data-and-trends"},"acf":{"hide_featured_image":false,"has_download":false,"has_embed":false,"podcast_audio_length":""},"yoast_head":"<!-- This site is optimized with the Yoast SEO plugin v26.4 - https:\/\/yoast.com\/wordpress\/plugins\/seo\/ -->\n<title>El estado del sector de los Viajes a nivel mundial en el Q3 y en el futuro: Cada vez con m\u00e1s ganas de viajar | ES - Criteo<\/title>\n<meta name=\"description\" content=\"Mientras los Profesionales del Marketing se preparan para lo que se viene en la categor\u00eda Viajes, hemos aprovechado la informaci\u00f3n de la que disponemos en nuestra base de datos para desvelar el estado actual del sector de los Viajes a nivel mundial.\" \/>\n<meta name=\"robots\" content=\"index, follow, max-snippet:-1, max-image-preview:large, max-video-preview:-1\" \/>\n<link rel=\"canonical\" href=\"https:\/\/www.criteo.com\/es\/blog\/global-travel-q3-2022\/\" \/>\n<meta property=\"og:locale\" content=\"es_ES\" \/>\n<meta property=\"og:type\" content=\"article\" \/>\n<meta property=\"og:title\" content=\"El estado del sector de los Viajes a nivel mundial en el Q3 y en el futuro: Cada vez con m\u00e1s ganas de viajar | ES - Criteo\" \/>\n<meta property=\"og:description\" content=\"Mientras los Profesionales del Marketing se preparan para lo que se viene en la categor\u00eda Viajes, hemos aprovechado la informaci\u00f3n de la que disponemos en nuestra base de datos para desvelar el estado actual del sector de los Viajes a nivel mundial.\" \/>\n<meta property=\"og:url\" content=\"https:\/\/www.criteo.com\/es\/blog\/global-travel-q3-2022\/\" \/>\n<meta property=\"og:site_name\" content=\"ES - Criteo\" \/>\n<meta property=\"article:published_time\" content=\"2022-11-30T18:01:02+00:00\" \/>\n<meta property=\"article:modified_time\" content=\"2023-03-09T13:59:42+00:00\" \/>\n<meta property=\"og:image\" content=\"https:\/\/www.criteo.com\/es\/wp-content\/uploads\/sites\/8\/2022\/11\/Screen-Shot-2022-11-14-at-4.11.35-PM.png\" \/>\n\t<meta property=\"og:image:width\" content=\"1728\" \/>\n\t<meta property=\"og:image:height\" content=\"1138\" \/>\n\t<meta property=\"og:image:type\" content=\"image\/png\" \/>\n<meta name=\"author\" content=\"Tanitra Partivit\" \/>\n<meta name=\"twitter:card\" content=\"summary_large_image\" \/>\n<meta name=\"twitter:label1\" content=\"Written by\" \/>\n\t<meta name=\"twitter:data1\" content=\"Tanitra Partivit\" \/>\n\t<meta name=\"twitter:label2\" content=\"Est. reading time\" \/>\n\t<meta name=\"twitter:data2\" content=\"7 minutes\" \/>\n<script type=\"application\/ld+json\" class=\"yoast-schema-graph\">{\n\t    \"@context\": \"https:\/\/schema.org\",\n\t    \"@graph\": [\n\t        {\n\t            \"@type\": [\n\t                \"Article\",\n\t                \"BlogPosting\"\n\t            ],\n\t            \"@id\": \"https:\/\/www.criteo.com\/es\/blog\/global-travel-q3-2022\/#article\",\n\t            \"isPartOf\": {\n\t                \"@id\": \"https:\/\/www.criteo.com\/es\/blog\/global-travel-q3-2022\/\"\n\t            },\n\t            \"author\": {\n\t                \"name\": \"Tanitra Partivit\",\n\t                \"@id\": \"https:\/\/www.criteo.com\/es\/#\/schema\/person\/56ebbdb4ce68f29e0a374b2c58bf74dc\"\n\t            },\n\t            \"headline\": \"El estado del sector de los Viajes a nivel mundial en el Q3 y en el futuro: Cada vez con m\u00e1s ganas de viajar\",\n\t            \"datePublished\": \"2022-11-30T18:01:02+00:00\",\n\t            \"dateModified\": \"2023-03-09T13:59:42+00:00\",\n\t            \"mainEntityOfPage\": {\n\t                \"@id\": \"https:\/\/www.criteo.com\/es\/blog\/global-travel-q3-2022\/\"\n\t            },\n\t            \"wordCount\": 1311,\n\t            \"publisher\": {\n\t                \"@id\": \"https:\/\/www.criteo.com\/es\/#organization\"\n\t            },\n\t            \"image\": {\n\t                \"@id\": \"https:\/\/www.criteo.com\/es\/blog\/global-travel-q3-2022\/#primaryimage\"\n\t            },\n\t            \"thumbnailUrl\": \"https:\/\/www.criteo.com\/es\/wp-content\/uploads\/sites\/8\/2022\/11\/Screen-Shot-2022-11-14-at-4.11.35-PM.png\",\n\t            \"keywords\": [\n\t                \"Commerce Media\",\n\t                \"Consumer Trends\",\n\t                \"Travel Trends\"\n\t            ],\n\t            \"articleSection\": [\n\t                \"Tendencias e insights\"\n\t            ],\n\t            \"inLanguage\": \"es-ES\"\n\t        },\n\t        {\n\t            \"@type\": \"ImageObject\",\n\t            \"inLanguage\": \"es-ES\",\n\t            \"@id\": \"https:\/\/www.criteo.com\/es\/blog\/global-travel-q3-2022\/#primaryimage\",\n\t            \"url\": \"https:\/\/www.criteo.com\/es\/wp-content\/uploads\/sites\/8\/2022\/11\/Screen-Shot-2022-11-14-at-4.11.35-PM.png\",\n\t            \"contentUrl\": \"https:\/\/www.criteo.com\/es\/wp-content\/uploads\/sites\/8\/2022\/11\/Screen-Shot-2022-11-14-at-4.11.35-PM.png\",\n\t            \"width\": 1728,\n\t            \"height\": 1138\n\t        },\n\t        {\n\t            \"@type\": \"BreadcrumbList\",\n\t            \"@id\": \"https:\/\/www.criteo.com\/es\/blog\/global-travel-q3-2022\/#breadcrumb\",\n\t            \"itemListElement\": [\n\t                {\n\t                    \"@type\": \"ListItem\",\n\t                    \"position\": 1,\n\t                    \"name\": \"Home\",\n\t                    \"item\": \"https:\/\/www.criteo.com\/es\/\"\n\t                },\n\t                {\n\t                    \"@type\": \"ListItem\",\n\t                    \"position\": 2,\n\t                    \"name\": \"El estado del sector de los Viajes a nivel mundial en el Q3 y en el futuro: Cada vez con m\u00e1s ganas de viajar\"\n\t                }\n\t            ]\n\t        },\n\t        {\n\t            \"@type\": \"Organization\",\n\t            \"@id\": \"https:\/\/www.criteo.com\/es\/#organization\",\n\t            \"name\": \"Criteo\",\n\t            \"alternateName\": \"Criteo corp\",\n\t            \"url\": \"https:\/\/www.criteo.com\/es\/\",\n\t            \"logo\": {\n\t                \"@type\": \"ImageObject\",\n\t                \"inLanguage\": \"es-ES\",\n\t                \"@id\": \"https:\/\/www.criteo.com\/es\/#\/schema\/logo\/image\/\",\n\t                \"url\": \"https:\/\/www.criteo.com\/es\/wp-content\/uploads\/sites\/8\/2024\/02\/Criteo-Logo.svg\",\n\t                \"contentUrl\": \"https:\/\/www.criteo.com\/es\/wp-content\/uploads\/sites\/8\/2024\/02\/Criteo-Logo.svg\",\n\t                \"width\": 118,\n\t                \"height\": 24,\n\t                \"caption\": \"Criteo\"\n\t            },\n\t            \"image\": {\n\t                \"@id\": \"https:\/\/www.criteo.com\/es\/#\/schema\/logo\/image\/\"\n\t            }\n\t        },\n\t        {\n\t            \"@type\": \"Person\",\n\t            \"@id\": \"https:\/\/www.criteo.com\/es\/#\/schema\/person\/56ebbdb4ce68f29e0a374b2c58bf74dc\",\n\t            \"name\": \"Tanitra Partivit\",\n\t            \"image\": {\n\t                \"@type\": \"ImageObject\",\n\t                \"inLanguage\": \"es-ES\",\n\t                \"@id\": \"https:\/\/www.criteo.com\/es\/#\/schema\/person\/image\/c465c6682471bfd7b9cfab364694fbe4\",\n\t                \"url\": \"https:\/\/secure.gravatar.com\/avatar\/5d584a7a43777167bb03e5be607668990742fdcf196ebc931e8816d1ce7f5556?s=96&d=mm&r=g\",\n\t                \"contentUrl\": \"https:\/\/secure.gravatar.com\/avatar\/5d584a7a43777167bb03e5be607668990742fdcf196ebc931e8816d1ce7f5556?s=96&d=mm&r=g\",\n\t                \"caption\": \"Tanitra Partivit\"\n\t            },\n\t            \"url\": \"https:\/\/www.criteo.com\/es\/blog\/author\/tanitra\/\"\n\t        }\n\t    ]\n\t}<\/script>\n<!-- \/ Yoast SEO plugin. -->","yoast_head_json":{"title":"El estado del sector de los Viajes a nivel mundial en el Q3 y en el futuro: Cada vez con m\u00e1s ganas de viajar | ES - Criteo","description":"Mientras los Profesionales del Marketing se preparan para lo que se viene en la categor\u00eda Viajes, hemos aprovechado la informaci\u00f3n de la que disponemos en nuestra base de datos para desvelar el estado actual del sector de los Viajes a nivel mundial.","robots":{"index":"index","follow":"follow","max-snippet":"max-snippet:-1","max-image-preview":"max-image-preview:large","max-video-preview":"max-video-preview:-1"},"canonical":"https:\/\/www.criteo.com\/es\/blog\/global-travel-q3-2022\/","og_locale":"es_ES","og_type":"article","og_title":"El estado del sector de los Viajes a nivel mundial en el Q3 y en el futuro: Cada vez con m\u00e1s ganas de viajar | ES - Criteo","og_description":"Mientras los Profesionales del Marketing se preparan para lo que se viene en la categor\u00eda Viajes, hemos aprovechado la informaci\u00f3n de la que disponemos en nuestra base de datos para desvelar el estado actual del sector de los Viajes a nivel mundial.","og_url":"https:\/\/www.criteo.com\/es\/blog\/global-travel-q3-2022\/","og_site_name":"ES - Criteo","article_published_time":"2022-11-30T18:01:02+00:00","article_modified_time":"2023-03-09T13:59:42+00:00","og_image":[{"width":1728,"height":1138,"url":"https:\/\/www.criteo.com\/es\/wp-content\/uploads\/sites\/8\/2022\/11\/Screen-Shot-2022-11-14-at-4.11.35-PM.png","type":"image\/png"}],"author":"Tanitra Partivit","twitter_card":"summary_large_image","twitter_misc":{"Written by":"Tanitra Partivit","Est. reading time":"7 minutes"},"schema":{"@context":"https:\/\/schema.org","@graph":[{"@type":["Article","BlogPosting"],"@id":"https:\/\/www.criteo.com\/es\/blog\/global-travel-q3-2022\/#article","isPartOf":{"@id":"https:\/\/www.criteo.com\/es\/blog\/global-travel-q3-2022\/"},"author":{"name":"Tanitra Partivit","@id":"https:\/\/www.criteo.com\/es\/#\/schema\/person\/56ebbdb4ce68f29e0a374b2c58bf74dc"},"headline":"El estado del sector de los Viajes a nivel mundial en el Q3 y en el futuro: Cada vez con m\u00e1s ganas de viajar","datePublished":"2022-11-30T18:01:02+00:00","dateModified":"2023-03-09T13:59:42+00:00","mainEntityOfPage":{"@id":"https:\/\/www.criteo.com\/es\/blog\/global-travel-q3-2022\/"},"wordCount":1311,"publisher":{"@id":"https:\/\/www.criteo.com\/es\/#organization"},"image":{"@id":"https:\/\/www.criteo.com\/es\/blog\/global-travel-q3-2022\/#primaryimage"},"thumbnailUrl":"https:\/\/www.criteo.com\/es\/wp-content\/uploads\/sites\/8\/2022\/11\/Screen-Shot-2022-11-14-at-4.11.35-PM.png","keywords":["Commerce Media","Consumer Trends","Travel Trends"],"articleSection":["Tendencias e insights"],"inLanguage":"es-ES"},{"@type":"ImageObject","inLanguage":"es-ES","@id":"https:\/\/www.criteo.com\/es\/blog\/global-travel-q3-2022\/#primaryimage","url":"https:\/\/www.criteo.com\/es\/wp-content\/uploads\/sites\/8\/2022\/11\/Screen-Shot-2022-11-14-at-4.11.35-PM.png","contentUrl":"https:\/\/www.criteo.com\/es\/wp-content\/uploads\/sites\/8\/2022\/11\/Screen-Shot-2022-11-14-at-4.11.35-PM.png","width":1728,"height":1138},{"@type":"BreadcrumbList","@id":"https:\/\/www.criteo.com\/es\/blog\/global-travel-q3-2022\/#breadcrumb","itemListElement":[{"@type":"ListItem","position":1,"name":"Home","item":"https:\/\/www.criteo.com\/es\/"},{"@type":"ListItem","position":2,"name":"El estado del sector de los Viajes a nivel mundial en el Q3 y en el futuro: Cada vez con m\u00e1s ganas de viajar"}]},{"@type":"Organization","@id":"https:\/\/www.criteo.com\/es\/#organization","name":"Criteo","alternateName":"Criteo corp","url":"https:\/\/www.criteo.com\/es\/","logo":{"@type":"ImageObject","inLanguage":"es-ES","@id":"https:\/\/www.criteo.com\/es\/#\/schema\/logo\/image\/","url":"https:\/\/www.criteo.com\/es\/wp-content\/uploads\/sites\/8\/2024\/02\/Criteo-Logo.svg","contentUrl":"https:\/\/www.criteo.com\/es\/wp-content\/uploads\/sites\/8\/2024\/02\/Criteo-Logo.svg","width":118,"height":24,"caption":"Criteo"},"image":{"@id":"https:\/\/www.criteo.com\/es\/#\/schema\/logo\/image\/"}},{"@type":"Person","@id":"https:\/\/www.criteo.com\/es\/#\/schema\/person\/56ebbdb4ce68f29e0a374b2c58bf74dc","name":"Tanitra Partivit","image":{"@type":"ImageObject","inLanguage":"es-ES","@id":"https:\/\/www.criteo.com\/es\/#\/schema\/person\/image\/c465c6682471bfd7b9cfab364694fbe4","url":"https:\/\/secure.gravatar.com\/avatar\/5d584a7a43777167bb03e5be607668990742fdcf196ebc931e8816d1ce7f5556?s=96&d=mm&r=g","contentUrl":"https:\/\/secure.gravatar.com\/avatar\/5d584a7a43777167bb03e5be607668990742fdcf196ebc931e8816d1ce7f5556?s=96&d=mm&r=g","caption":"Tanitra Partivit"},"url":"https:\/\/www.criteo.com\/es\/blog\/author\/tanitra\/"}]}},"_links":{"self":[{"href":"https:\/\/www.criteo.com\/es\/wp-json\/wp\/v2\/posts\/18169","targetHints":{"allow":["GET"]}}],"collection":[{"href":"https:\/\/www.criteo.com\/es\/wp-json\/wp\/v2\/posts"}],"about":[{"href":"https:\/\/www.criteo.com\/es\/wp-json\/wp\/v2\/types\/post"}],"author":[{"embeddable":true,"href":"https:\/\/www.criteo.com\/es\/wp-json\/wp\/v2\/users\/55"}],"replies":[{"embeddable":true,"href":"https:\/\/www.criteo.com\/es\/wp-json\/wp\/v2\/comments?post=18169"}],"version-history":[{"count":8,"href":"https:\/\/www.criteo.com\/es\/wp-json\/wp\/v2\/posts\/18169\/revisions"}],"predecessor-version":[{"id":18183,"href":"https:\/\/www.criteo.com\/es\/wp-json\/wp\/v2\/posts\/18169\/revisions\/18183"}],"wp:featuredmedia":[{"embeddable":true,"href":"https:\/\/www.criteo.com\/es\/wp-json\/wp\/v2\/media\/18180"}],"wp:attachment":[{"href":"https:\/\/www.criteo.com\/es\/wp-json\/wp\/v2\/media?parent=18169"}],"wp:term":[{"taxonomy":"category","embeddable":true,"href":"https:\/\/www.criteo.com\/es\/wp-json\/wp\/v2\/categories?post=18169"},{"taxonomy":"author","embeddable":true,"href":"https:\/\/www.criteo.com\/es\/wp-json\/wp\/v2\/coauthors?post=18169"}],"curies":[{"name":"wp","href":"https:\/\/api.w.org\/{rel}","templated":true}]}}